{"id":995,"date":"2024-09-10T12:06:30","date_gmt":"2024-09-10T12:06:30","guid":{"rendered":"https:\/\/sientetupasion.com\/?p=995"},"modified":"2024-09-10T12:06:30","modified_gmt":"2024-09-10T12:06:30","slug":"anuncia-enrique-alfaro-ultima-ceremonia-de-grito-de-independencia-con-la-gran-presentacion-de-la-arrolladora-banda-el-limon-de-don-rene-camacho","status":"publish","type":"post","link":"https:\/\/sientetupasion.com\/index.php\/2024\/09\/10\/anuncia-enrique-alfaro-ultima-ceremonia-de-grito-de-independencia-con-la-gran-presentacion-de-la-arrolladora-banda-el-limon-de-don-rene-camacho\/","title":{"rendered":"Anuncia Enrique Alfaro \u00faltima Ceremonia de Grito de Independencia con la gran presentaci\u00f3n de La Arrolladora Banda El Lim\u00f3n de Don Ren\u00e9 Camacho"},"content":{"rendered":"<table role=\"presentation\" border=\"0\" width=\"100%\" cellspacing=\"0\" cellpadding=\"0\">\n<tbody>\n<tr>\n<td align=\"left\">\n<div>\n<p class=\"text-build-content\">\n<p class=\"text-build-content\">\n<p class=\"text-build-content\">El Gobernador del Estado de Jalisco, Enrique Alfaro Ram\u00edrez, anunci\u00f3 los detalles de la \u00faltima ceremonia del Grito de Independencia qu\u00e9 encabezar\u00e1. Despu\u00e9s de pronunciar la tradicional arenga en punto <span dir=\"ltr\">de las 21:00<\/span> horas del pr\u00f3ximo <span dir=\"ltr\">15 de septiembre<\/span>, inform\u00f3 que el espect\u00e1culo principal ser\u00e1 a cargo del grupo regional mexicano La Arrolladora Banda El Lim\u00f3n de Ren\u00e9 Camacho, por lo que convoca a las familias tapat\u00edas y turistas a disfrutar de estos festejos patrios en Guadalajara.<\/p>\n<p class=\"text-build-content\">\n<p class=\"text-build-content\">&#8220;Estoy muy emocionado, han sido a\u00f1os que nos ha pasado de todo en las fiestas patrias. Dos veces me toc\u00f3 dar el grito con la plaza vac\u00eda por la pandemia, una vez nos cay\u00f3 un torment\u00f3n en pleno grito, pero siempre han sido momentos que uno guarda en el coraz\u00f3n&#8221;, record\u00f3 Alfaro.<\/p>\n<p class=\"text-build-content\">\n<p class=\"text-build-content\"><span dir=\"ltr\">A partir de las 19:00<\/span> \u00a0horas las familias tapat\u00edas podr\u00e1n reunirse en el centro hist\u00f3rico para dar inicio a las celebraciones que comienzan con el show de la banda local \u201cLos Rabiosos\u201d, para posteriormente dar el Grito de Independencia que se acompa\u00f1ar\u00e1 con un gran show de pirotecnia y multimedia y, finalizar con la m\u00fasica de La Arrolladora Banda El Lim\u00f3n.<\/p>\n<p class=\"text-build-content\">\n<p class=\"text-build-content\">&#8220;Va a cerrar esta gran fiesta de los jaliscienses y los mexicanos. Lo vamos a hacer con mucha alegr\u00eda, con mucha esperanza en el futuro y lo vamos a hacer con lo mejor que tiene Jalisco, con su gente abarrotando la plaza&#8221;, agreg\u00f3.<\/p>\n<p class=\"text-build-content\">\n<p class=\"text-build-content\">Ratific\u00f3 que estas fechas son una oportunidad para enaltecer el orgullo de ser jaliscienses y mexicanos. Invita al p\u00fablico a participar en festejos patrios en el coraz\u00f3n de la Perla Tapat\u00eda.<\/p>\n<\/div>\n<\/td>\n<\/tr>\n<\/tbody>\n<\/table>\n","protected":false},"excerpt":{"rendered":"<p>El Gobernador del Estado de Jalisco, Enrique Alfaro Ram\u00edrez, anunci\u00f3 los detalles de la \u00faltima ceremonia del Grito de Independencia qu\u00e9 encabezar\u00e1. Despu\u00e9s de pronunciar la<span class=\"excerpt-hellip\"> [\u2026]<\/span><\/p>\n","protected":false},"author":2,"featured_media":996,"comment_status":"open","ping_status":"open","sticky":false,"template":"","format":"standard","meta":{"footnotes":""},"categories":[7],"tags":[],"class_list":["post-995","post","type-post","status-publish","format-standard","has-post-thumbnail","hentry","category-nacionales"],"_links":{"self":[{"href":"https:\/\/sientetupasion.com\/index.php\/wp-json\/wp\/v2\/posts\/995","targetHints":{"allow":["GET"]}}],"collection":[{"href":"https:\/\/sientetupasion.com\/index.php\/wp-json\/wp\/v2\/posts"}],"about":[{"href":"https:\/\/sientetupasion.com\/index.php\/wp-json\/wp\/v2\/types\/post"}],"author":[{"embeddable":true,"href":"https:\/\/sientetupasion.com\/index.php\/wp-json\/wp\/v2\/users\/2"}],"replies":[{"embeddable":true,"href":"https:\/\/sientetupasion.com\/index.php\/wp-json\/wp\/v2\/comments?post=995"}],"version-history":[{"count":1,"href":"https:\/\/sientetupasion.com\/index.php\/wp-json\/wp\/v2\/posts\/995\/revisions"}],"predecessor-version":[{"id":997,"href":"https:\/\/sientetupasion.com\/index.php\/wp-json\/wp\/v2\/posts\/995\/revisions\/997"}],"wp:featuredmedia":[{"embeddable":true,"href":"https:\/\/sientetupasion.com\/index.php\/wp-json\/wp\/v2\/media\/996"}],"wp:attachment":[{"href":"https:\/\/sientetupasion.com\/index.php\/wp-json\/wp\/v2\/media?parent=995"}],"wp:term":[{"taxonomy":"category","embeddable":true,"href":"https:\/\/sientetupasion.com\/index.php\/wp-json\/wp\/v2\/categories?post=995"},{"taxonomy":"post_tag","embeddable":true,"href":"https:\/\/sientetupasion.com\/index.php\/wp-json\/wp\/v2\/tags?post=995"}],"curies":[{"name":"wp","href":"https:\/\/api.w.org\/{rel}","templated":true}]}}