{"id":9910,"date":"2025-05-01T08:17:46","date_gmt":"2025-05-01T14:17:46","guid":{"rendered":"https:\/\/sientetupasion.com\/?p=9910"},"modified":"2025-05-01T08:17:46","modified_gmt":"2025-05-01T14:17:46","slug":"este-sabado-primer-bazar-de-arte-para-visibilizar-el-talento-de-la-ninez-y-juventud-zacatecana-2","status":"publish","type":"post","link":"https:\/\/sientetupasion.com\/index.php\/2025\/05\/01\/este-sabado-primer-bazar-de-arte-para-visibilizar-el-talento-de-la-ninez-y-juventud-zacatecana-2\/","title":{"rendered":"ESTE S\u00c1BADO \u201cPRIMER BAZAR DE ARTE\u201d PARA VISIBILIZAR EL TALENTO DE LA NI\u00d1EZ Y JUVENTUD ZACATECANA"},"content":{"rendered":"<p>Con el objetivo de visibilizar el talento art\u00edstico de ni\u00f1os, ni\u00f1as y adolescentes de Zacatecas, este s\u00e1bado 3 de mayo se llevar\u00e1 a cabo la Primera Edici\u00f3n del \u201cBazar de Arte\u201d en la explanada del Congreso del Estado, en un horario de 12:00 a 17:00 horas. <\/p>\n<p>La actividad es impulsada por la Comisi\u00f3n de Igualdad Sustantiva entre Mujeres y Hombres del Poder Legislativo del Estado de Zacatecas, presidida por la diputada Renata Libertad \u00c1vila Valadez, en coordinaci\u00f3n con la Academia de Dibujo, Ilustraci\u00f3n y Pintura (ADIP), bajo la direcci\u00f3n de Salma Escobar.<\/p>\n<p>Durante su intervenci\u00f3n, Renata \u00c1vila subray\u00f3 que el arte es una herramienta poderosa para construir una sociedad m\u00e1s emp\u00e1tica, cr\u00edtica e igualitaria: \u201cDesde la Comisi\u00f3n de Igualdad estamos convencidos de que la cultura y el arte son motores de transformaci\u00f3n social. <\/p>\n<p>Este bazar no es solo una vitrina para mostrar el talento de nuestras infancias y juventudes, es tambi\u00e9n una forma de decirles: lo que haces importa, lo que expresas tiene valor, y este espacio tambi\u00e9n es tuyo\u201d, expres\u00f3.<\/p>\n<p>El Bazar de Arte contar\u00e1 con la participaci\u00f3n de 20 ni\u00f1os, ni\u00f1as y adolescentes expositores, quienes presentar\u00e1n ilustraciones, pinturas, dibujos y art\u00edculos intervenidos como tazas, playeras o rompecabezas.<br \/>\nTodas las piezas han sido creadas por j\u00f3venes talentos que encuentran en el arte una forma leg\u00edtima de narrar, expresar y proponer.<\/p>\n<p>\u00c1vila Valadez a\u00f1adi\u00f3 que parte del objetivo es romper con la idea de que el arte infantil es meramente decorativo o transitorio: \u201cNos importa que las y los expositores vivan esta experiencia como artistas en formaci\u00f3n, que se sientan reconocidos y respaldados, que descubran que el arte puede ser parte de su proyecto de vida, no solo un pasatiempo\u201d.<\/p>\n<p>La legisladora se\u00f1al\u00f3 que, de septiembre a la fecha, desde la Comisi\u00f3n que preside, se han realizado tres bazares en coordinaci\u00f3n con artistas y organizaciones de la sociedad civil y subray\u00f3 que estas actividades permiten visibilizar el trabajo que realizan artistas locales y que tienen como objetivo impulsar desde el Poder Legislativo el papel tan importante que desempe\u00f1an en la vida cultural, social y comunitaria del estado.<\/p>\n<p>Por su parte, Salma Escobar, directora de ADIP, habl\u00f3 de la importancia de tejer redes de acompa\u00f1amiento institucional para las nuevas generaciones de artistas: \u201cLas infancias tienen una forma genuina, profunda y a veces incluso desafiante de mirar el mundo. Nosotros solo facilitamos un canal para que eso se exprese. Por eso este bazar no es solo un evento; es un mensaje de respeto y de apertura a sus formas de ver, de decir y de crear\u201d.<\/p>\n<p>Tambi\u00e9n destac\u00f3 que este tipo de actividades permiten a quienes exponen su trabajo tener contacto directo con el p\u00fablico, vender una obra y saber que lo que crean es valioso; \u201cles genera autoestima, identidad y sentido de pertenencia, eso es algo que queda para siempre\u201d.<\/p>\n<p>Salma Escobar celebr\u00f3 la apertura de espacios para el arte joven y subray\u00f3 la importancia de reconocer el trabajo de la ni\u00f1ez y adolescencia no solo como recreaci\u00f3n, sino como una apuesta cultural y profesional. Indic\u00f3 que habr\u00e1 venta de piezas de arte originales y stands con alimentos, para hacer del evento una experiencia integral y familiar.<\/p>\n<p>El Primer Bazar de Arte se realiza en el marco de la conmemoraci\u00f3n del D\u00eda del Ni\u00f1o,  la Ni\u00f1a y el Estudiante, que forma parte de una agenda m\u00e1s amplia orientada a fortalecer los derechos culturales de la infancia y juventud, fomentando su participaci\u00f3n activa y su derecho a expresarse a trav\u00e9s del arte.<\/p>\n<p>Para concluir, \u00c1vila Valadez hizo una cordial invitaci\u00f3n a toda la ciudadan\u00eda a asistir, en compa\u00f1\u00eda de toda la familia, a apreciar y apoyar el talento local en este espacio lleno de color, sensibilidad y esperanza.<\/p>\n<p>El evento estar\u00e1 abierto al p\u00fablico y representa una oportunidad para que las familias zacatecanas disfruten una jornada distinta, creativa y con sentido social.<br \/>\n???? Explanada del Congreso del Estado<br \/>\n????\ufe0f S\u00e1bado 3 de mayo<br \/>\n????  De 12:00 a 17:00 horas<br \/>\n???????? Entrada libre<\/p>\n","protected":false},"excerpt":{"rendered":"<p>Con el objetivo de visibilizar el talento art\u00edstico de ni\u00f1os, ni\u00f1as y adolescentes de Zacatecas, este s\u00e1bado 3 de mayo se llevar\u00e1 a cabo la Primera<span class=\"excerpt-hellip\"> [\u2026]<\/span><\/p>\n","protected":false},"author":2,"featured_media":9911,"comment_status":"open","ping_status":"open","sticky":false,"template":"","format":"standard","meta":{"footnotes":""},"categories":[8],"tags":[],"class_list":["post-9910","post","type-post","status-publish","format-standard","has-post-thumbnail","hentry","category-politica"],"_links":{"self":[{"href":"https:\/\/sientetupasion.com\/index.php\/wp-json\/wp\/v2\/posts\/9910","targetHints":{"allow":["GET"]}}],"collection":[{"href":"https:\/\/sientetupasion.com\/index.php\/wp-json\/wp\/v2\/posts"}],"about":[{"href":"https:\/\/sientetupasion.com\/index.php\/wp-json\/wp\/v2\/types\/post"}],"author":[{"embeddable":true,"href":"https:\/\/sientetupasion.com\/index.php\/wp-json\/wp\/v2\/users\/2"}],"replies":[{"embeddable":true,"href":"https:\/\/sientetupasion.com\/index.php\/wp-json\/wp\/v2\/comments?post=9910"}],"version-history":[{"count":1,"href":"https:\/\/sientetupasion.com\/index.php\/wp-json\/wp\/v2\/posts\/9910\/revisions"}],"predecessor-version":[{"id":9912,"href":"https:\/\/sientetupasion.com\/index.php\/wp-json\/wp\/v2\/posts\/9910\/revisions\/9912"}],"wp:featuredmedia":[{"embeddable":true,"href":"https:\/\/sientetupasion.com\/index.php\/wp-json\/wp\/v2\/media\/9911"}],"wp:attachment":[{"href":"https:\/\/sientetupasion.com\/index.php\/wp-json\/wp\/v2\/media?parent=9910"}],"wp:term":[{"taxonomy":"category","embeddable":true,"href":"https:\/\/sientetupasion.com\/index.php\/wp-json\/wp\/v2\/categories?post=9910"},{"taxonomy":"post_tag","embeddable":true,"href":"https:\/\/sientetupasion.com\/index.php\/wp-json\/wp\/v2\/tags?post=9910"}],"curies":[{"name":"wp","href":"https:\/\/api.w.org\/{rel}","templated":true}]}}