{"id":9807,"date":"2025-04-30T14:30:12","date_gmt":"2025-04-30T20:30:12","guid":{"rendered":"https:\/\/sientetupasion.com\/?p=9807"},"modified":"2025-04-30T14:30:12","modified_gmt":"2025-04-30T20:30:12","slug":"presentan-diputados-priistas-iniciativas-de-reforma-a-la-ley-organica-de-la-administracion-y-a-la-ley-para-desarrollo-de-las-mipymes","status":"publish","type":"post","link":"https:\/\/sientetupasion.com\/index.php\/2025\/04\/30\/presentan-diputados-priistas-iniciativas-de-reforma-a-la-ley-organica-de-la-administracion-y-a-la-ley-para-desarrollo-de-las-mipymes\/","title":{"rendered":"PRESENTAN DIPUTADOS PRIISTAS INICIATIVAS DE REFORMA A LA LEY ORG\u00c1NICA DE LA ADMINISTRACI\u00d3N Y A LA LEY PARA DESARROLLO DE LAS MIPYMES"},"content":{"rendered":"<p>A nombre del Grupo Parlamentario del PRI en la LXV Legislatura del Estado, el Diputado local y Presidente estatal del PRI, Carlos Pe\u00f1a Badillo, present\u00f3 ante el Pleno dos iniciativas de ley con proyecto de decreto que buscan paliar la crisis que el Estado enfrenta en varios sectores productivos, particularmente en el de las peque\u00f1as y medianas empresas. <\/p>\n<p>Las reformas que se persiguen son en la Ley Org\u00e1nica de la Administraci\u00f3n P\u00fablica y en la Ley de Desarrollo de la Competitividad de Peque\u00f1as y Medianas Empresas.<\/p>\n<p>En la m\u00e1xima Tribuna del Estado, el Presidente Carlos Pe\u00f1a Badillo afirm\u00f3 que ante la etapa cr\u00edtica por la que atraviesa Zacatecas en su desarrollo econ\u00f3mico y social, la disminuci\u00f3n del empleo formal, la fuga del talento joven, la baja diversificaci\u00f3n productiva y la d\u00e9bil articulaci\u00f3n del ecosistema empresarial, constituyen retos estructurales que impiden consolidar un crecimiento econ\u00f3mico sostenible. <\/p>\n<p>Por lo que el Grupo Parlamentario del PRI, dijo, propone una reforma integral con el objetivo de crear el Instituto del Emprendedor Zacatecano, el cual ser\u00e1 un brazo especializado del gobierno del estado para fomentar una cultura emprendedora, generar empleo, reducir la pobreza y fortalecer la resiliencia productiva.<\/p>\n<p>Subray\u00f3 que el Instituto del Emprendedor Zacatecano no ser\u00e1 una instituci\u00f3n aislada sino que colaborar\u00e1 de manera estrecha con la Secretar\u00eda de Econom\u00eda, as\u00ed como con universidades, c\u00e1maras empresariales, centros de innovaci\u00f3n y ayuntamientos.<\/p>\n<p>Destac\u00f3 que el Instituto no implica necesariamente un incremento en el gasto p\u00fablico total, sino que propone reasignar funciones y presupuestos actualmente dirigidos a programas dispersos de la Secretar\u00eda de Econom\u00eda, concentrando todos en un ente t\u00e9cnico especializado, con mayor eficacia y rendici\u00f3n de cuentas.<\/p>\n<p>Detall\u00f3 que el Instituto contar\u00e1 con oficinas en el Estado con capacidad para generar nodos regionales en municipios estrat\u00e9gicos. Adem\u00e1s impulsar\u00e1 el uso de herramientas digitales, incubadoras virtuales y plataformas de educaci\u00f3n en l\u00ednea, maximizando su cobertura. <\/p>\n<p>El Diputado local y dirigente estatal del PRI, Carlos Pe\u00f1a Badillo, dijo que el Grupo Parlamentario del PRI est\u00e1 convencido que con esta propuesta se le apuesta a reducir la alta tasa de mortalidad empresarial en el Estado, promover redes de mentor\u00eda, alianzas estrat\u00e9gicas y el uso de plataformas de inteligencia de negocios, que brinden a las y los emprendedores herramientas para tomar decisiones.<\/p>\n<p>As\u00ed como fortalecer el ecosistema emprendedor mediante la conexi\u00f3n entre la oferta acad\u00e9mica, la investigaci\u00f3n aplicada y las necesidades del mercado para estimular la innovaci\u00f3n, la transferencia tecnol\u00f3gica y el desarrollo de soluciones locales a problemas complejos.<\/p>\n<p>Impulsar la diversificaci\u00f3n productiva de Zacatecas promoviendo el surgimiento de empresas con alto valor agregado, con orientaci\u00f3n hacia la sostenibilidad ambiental y la digitalizaci\u00f3n de procesos, fomentar una participaci\u00f3n m\u00e1s activa de grupos tradicionalmente rezagados como mujeres, j\u00f3venes, personas con discapacidad o en situaci\u00f3n de vulnerabilidad, a trav\u00e9s de esquemas de emprendimiento inclusivo, que garanticen acceso equitativo a oportunidades, financiamiento y acompa\u00f1amiento institucional, puntualiz\u00f3. <\/p>\n<p>&#8212;000&#8212;<\/p>\n","protected":false},"excerpt":{"rendered":"<p>A nombre del Grupo Parlamentario del PRI en la LXV Legislatura del Estado, el Diputado local y Presidente estatal del PRI, Carlos Pe\u00f1a Badillo, present\u00f3 ante<span class=\"excerpt-hellip\"> [\u2026]<\/span><\/p>\n","protected":false},"author":2,"featured_media":9808,"comment_status":"open","ping_status":"open","sticky":false,"template":"","format":"standard","meta":{"footnotes":""},"categories":[8],"tags":[],"class_list":["post-9807","post","type-post","status-publish","format-standard","has-post-thumbnail","hentry","category-politica"],"_links":{"self":[{"href":"https:\/\/sientetupasion.com\/index.php\/wp-json\/wp\/v2\/posts\/9807","targetHints":{"allow":["GET"]}}],"collection":[{"href":"https:\/\/sientetupasion.com\/index.php\/wp-json\/wp\/v2\/posts"}],"about":[{"href":"https:\/\/sientetupasion.com\/index.php\/wp-json\/wp\/v2\/types\/post"}],"author":[{"embeddable":true,"href":"https:\/\/sientetupasion.com\/index.php\/wp-json\/wp\/v2\/users\/2"}],"replies":[{"embeddable":true,"href":"https:\/\/sientetupasion.com\/index.php\/wp-json\/wp\/v2\/comments?post=9807"}],"version-history":[{"count":1,"href":"https:\/\/sientetupasion.com\/index.php\/wp-json\/wp\/v2\/posts\/9807\/revisions"}],"predecessor-version":[{"id":9809,"href":"https:\/\/sientetupasion.com\/index.php\/wp-json\/wp\/v2\/posts\/9807\/revisions\/9809"}],"wp:featuredmedia":[{"embeddable":true,"href":"https:\/\/sientetupasion.com\/index.php\/wp-json\/wp\/v2\/media\/9808"}],"wp:attachment":[{"href":"https:\/\/sientetupasion.com\/index.php\/wp-json\/wp\/v2\/media?parent=9807"}],"wp:term":[{"taxonomy":"category","embeddable":true,"href":"https:\/\/sientetupasion.com\/index.php\/wp-json\/wp\/v2\/categories?post=9807"},{"taxonomy":"post_tag","embeddable":true,"href":"https:\/\/sientetupasion.com\/index.php\/wp-json\/wp\/v2\/tags?post=9807"}],"curies":[{"name":"wp","href":"https:\/\/api.w.org\/{rel}","templated":true}]}}