{"id":9801,"date":"2025-04-30T14:27:05","date_gmt":"2025-04-30T20:27:05","guid":{"rendered":"https:\/\/sientetupasion.com\/?p=9801"},"modified":"2025-04-30T14:27:05","modified_gmt":"2025-04-30T20:27:05","slug":"la-alegria-se-pinto-de-naranja-en-fresnillo-fany-flores","status":"publish","type":"post","link":"https:\/\/sientetupasion.com\/index.php\/2025\/04\/30\/la-alegria-se-pinto-de-naranja-en-fresnillo-fany-flores\/","title":{"rendered":"\u00a1LA ALEGR\u00cdA SE PINT\u00d3 DE NARANJA EN FRESNILLO! FANY FLORES"},"content":{"rendered":"\n<p>Fany Flores celebra con juegos, sonrisas y compromiso el D\u00eda de la Ni\u00f1ez<\/p>\n<p>En el marco del D\u00eda de las Ni\u00f1as y los Ni\u00f1os, la regidora de Movimiento Ciudadano en Fresnillo, Fany Flores, llen\u00f3 de color, sonrisas y diversi\u00f3n diferentes espacios del municipio para celebrar a lo m\u00e1s valioso de nuestra comunidad: su ni\u00f1ez.<\/p>\n<p>Con un ambiente de fiesta y emoci\u00f3n, la regidora naranja organiz\u00f3 actividades llenas de alegr\u00eda como loter\u00eda, domin\u00f3, inflables y la presencia de simp\u00e1ticas botargas que convivieron con ni\u00f1as y ni\u00f1os de distintas escuelas y colonias. Cada rinc\u00f3n se convirti\u00f3 en un espacio de juego, risas y momentos inolvidables para las y los peque\u00f1os.<\/p>\n<p>&#8220;Mi compromiso es con ellos, con quienes representan el presente y el futuro de Fresnillo. Cada ni\u00f1o y cada ni\u00f1a merece una infancia feliz, segura y llena de amor&#8221;, expres\u00f3 Fany Flores al dar inicio a los festejos.<\/p>\n<p>La regidora reafirm\u00f3 su convicci\u00f3n de trabajar desde lo local por el bienestar y desarrollo de la ni\u00f1ez fresnillense. Estas acciones, se\u00f1al\u00f3, son solo una muestra de lo que se puede lograr cuando se gobierna con el coraz\u00f3n y se prioriza a quienes m\u00e1s lo necesitan.<\/p>\n<p>Movimiento Ciudadano, a trav\u00e9s de representantes como Fany Flores, demuestra que otra forma de hacer pol\u00edtica es posible: m\u00e1s cercana, m\u00e1s humana y m\u00e1s alegre. \u00a1Porque la infancia merece celebrarse todos los d\u00edas!<\/p>\n","protected":false},"excerpt":{"rendered":"<p>Fany Flores celebra con juegos, sonrisas y compromiso el D\u00eda de la Ni\u00f1ez En el marco del D\u00eda de las Ni\u00f1as y los Ni\u00f1os, la regidora<span class=\"excerpt-hellip\"> [\u2026]<\/span><\/p>\n","protected":false},"author":2,"featured_media":9802,"comment_status":"open","ping_status":"open","sticky":false,"template":"","format":"standard","meta":{"footnotes":""},"categories":[8],"tags":[],"class_list":["post-9801","post","type-post","status-publish","format-standard","has-post-thumbnail","hentry","category-politica"],"_links":{"self":[{"href":"https:\/\/sientetupasion.com\/index.php\/wp-json\/wp\/v2\/posts\/9801","targetHints":{"allow":["GET"]}}],"collection":[{"href":"https:\/\/sientetupasion.com\/index.php\/wp-json\/wp\/v2\/posts"}],"about":[{"href":"https:\/\/sientetupasion.com\/index.php\/wp-json\/wp\/v2\/types\/post"}],"author":[{"embeddable":true,"href":"https:\/\/sientetupasion.com\/index.php\/wp-json\/wp\/v2\/users\/2"}],"replies":[{"embeddable":true,"href":"https:\/\/sientetupasion.com\/index.php\/wp-json\/wp\/v2\/comments?post=9801"}],"version-history":[{"count":1,"href":"https:\/\/sientetupasion.com\/index.php\/wp-json\/wp\/v2\/posts\/9801\/revisions"}],"predecessor-version":[{"id":9803,"href":"https:\/\/sientetupasion.com\/index.php\/wp-json\/wp\/v2\/posts\/9801\/revisions\/9803"}],"wp:featuredmedia":[{"embeddable":true,"href":"https:\/\/sientetupasion.com\/index.php\/wp-json\/wp\/v2\/media\/9802"}],"wp:attachment":[{"href":"https:\/\/sientetupasion.com\/index.php\/wp-json\/wp\/v2\/media?parent=9801"}],"wp:term":[{"taxonomy":"category","embeddable":true,"href":"https:\/\/sientetupasion.com\/index.php\/wp-json\/wp\/v2\/categories?post=9801"},{"taxonomy":"post_tag","embeddable":true,"href":"https:\/\/sientetupasion.com\/index.php\/wp-json\/wp\/v2\/tags?post=9801"}],"curies":[{"name":"wp","href":"https:\/\/api.w.org\/{rel}","templated":true}]}}