{"id":9672,"date":"2025-04-26T16:22:49","date_gmt":"2025-04-26T22:22:49","guid":{"rendered":"https:\/\/sientetupasion.com\/?p=9672"},"modified":"2025-04-26T16:22:49","modified_gmt":"2025-04-26T22:22:49","slug":"ana-luisa-del-muro-garcia-impulsa-la-transformacion-del-partido-del-trabajo-en-su-12o-congreso-nacional","status":"publish","type":"post","link":"https:\/\/sientetupasion.com\/index.php\/2025\/04\/26\/ana-luisa-del-muro-garcia-impulsa-la-transformacion-del-partido-del-trabajo-en-su-12o-congreso-nacional\/","title":{"rendered":"Ana Luisa del Muro Garc\u00eda impulsa la transformaci\u00f3n del Partido del Trabajo en su 12\u00ba Congreso Nacional"},"content":{"rendered":"<p>La Diputada Federal Ana Luisa del Muro Garc\u00eda particip\u00f3 activamente en el 12\u00ba Congreso Nacional Ordinario del Partido del Trabajo (PT), celebrado el pasado 26 de abril de 2025. Se convoc\u00f3 en El Expo Reforma, de la C\u00e1mara Nacional de Comercio de la Ciudad de M\u00e9xico, ubicado en la Alcald\u00eda Cuauht\u00e9moc. Desde las 9:00 de la ma\u00f1ana, militantes y delegados provenientes de todo el pa\u00eds se congregaron para llevar a cabo un ejercicio fundamental de an\u00e1lisis, renovaci\u00f3n y fortalecimiento institucional.<\/p>\n<p>El congreso tuvo como ejes principales la actualizaci\u00f3n y modificaci\u00f3n de los documentos b\u00e1sicos del partido: la Declaraci\u00f3n de Principios, el Programa de Acci\u00f3n y los Estatutos. Asimismo, se evalu\u00f3 el desempe\u00f1o interno de la organizaci\u00f3n y se eligi\u00f3 a los nuevos integrantes de los \u00f3rganos de direcci\u00f3n nacional.<\/p>\n<p>En este contexto, se reafirm\u00f3 la integraci\u00f3n de Ana Luisa del Muro Garc\u00eda como miembro de la Comisi\u00f3n Coordinadora Estatal y de la Comisi\u00f3n Ejecutiva Nacional del PT, reconociendo su labor pol\u00edtica y su compromiso con los ideales del partido. El evento fue convocado y presidido por la Comisi\u00f3n Coordinadora Nacional, conformada por destacados dirigentes como Alberto Anaya Guti\u00e9rrez, Geovanna Ba\u00f1uelos, Mar\u00eda Guadalupe Rodr\u00edguez Mart\u00ednez, Alejandro Gonz\u00e1lez Y\u00e1\u00f1ez, Francisco Amadeo Espinosa Ramos, Ricardo Cant\u00fa Garza, Silvano Garay Ulloa y \u00d3scar Gonz\u00e1lez Y\u00e1\u00f1ez.<\/p>\n<p>Este 12\u00ba Congreso marca un hito en el fortalecimiento del Partido del Trabajo, proyect\u00e1ndolo hacia los nuevos desaf\u00edos pol\u00edticos del pa\u00eds, con una estructura renovada y un firme compromiso de transformaci\u00f3n social.<\/p>\n","protected":false},"excerpt":{"rendered":"<p>La Diputada Federal Ana Luisa del Muro Garc\u00eda particip\u00f3 activamente en el 12\u00ba Congreso Nacional Ordinario del Partido del Trabajo (PT), celebrado el pasado 26 de<span class=\"excerpt-hellip\"> [\u2026]<\/span><\/p>\n","protected":false},"author":2,"featured_media":9673,"comment_status":"open","ping_status":"open","sticky":false,"template":"","format":"standard","meta":{"footnotes":""},"categories":[8],"tags":[],"class_list":["post-9672","post","type-post","status-publish","format-standard","has-post-thumbnail","hentry","category-politica"],"_links":{"self":[{"href":"https:\/\/sientetupasion.com\/index.php\/wp-json\/wp\/v2\/posts\/9672","targetHints":{"allow":["GET"]}}],"collection":[{"href":"https:\/\/sientetupasion.com\/index.php\/wp-json\/wp\/v2\/posts"}],"about":[{"href":"https:\/\/sientetupasion.com\/index.php\/wp-json\/wp\/v2\/types\/post"}],"author":[{"embeddable":true,"href":"https:\/\/sientetupasion.com\/index.php\/wp-json\/wp\/v2\/users\/2"}],"replies":[{"embeddable":true,"href":"https:\/\/sientetupasion.com\/index.php\/wp-json\/wp\/v2\/comments?post=9672"}],"version-history":[{"count":1,"href":"https:\/\/sientetupasion.com\/index.php\/wp-json\/wp\/v2\/posts\/9672\/revisions"}],"predecessor-version":[{"id":9674,"href":"https:\/\/sientetupasion.com\/index.php\/wp-json\/wp\/v2\/posts\/9672\/revisions\/9674"}],"wp:featuredmedia":[{"embeddable":true,"href":"https:\/\/sientetupasion.com\/index.php\/wp-json\/wp\/v2\/media\/9673"}],"wp:attachment":[{"href":"https:\/\/sientetupasion.com\/index.php\/wp-json\/wp\/v2\/media?parent=9672"}],"wp:term":[{"taxonomy":"category","embeddable":true,"href":"https:\/\/sientetupasion.com\/index.php\/wp-json\/wp\/v2\/categories?post=9672"},{"taxonomy":"post_tag","embeddable":true,"href":"https:\/\/sientetupasion.com\/index.php\/wp-json\/wp\/v2\/tags?post=9672"}],"curies":[{"name":"wp","href":"https:\/\/api.w.org\/{rel}","templated":true}]}}