{"id":9611,"date":"2025-04-25T08:49:04","date_gmt":"2025-04-25T14:49:04","guid":{"rendered":"https:\/\/sientetupasion.com\/?p=9611"},"modified":"2025-04-25T08:49:04","modified_gmt":"2025-04-25T14:49:04","slug":"conmemoran-aniversario-280-de-la-culminacion-de-la-portada-mayor-de-la-catedral-basilica-de-zacatecas","status":"publish","type":"post","link":"https:\/\/sientetupasion.com\/index.php\/2025\/04\/25\/conmemoran-aniversario-280-de-la-culminacion-de-la-portada-mayor-de-la-catedral-basilica-de-zacatecas\/","title":{"rendered":"Conmemoran aniversario 280 de la culminaci\u00f3n de la Portada Mayor de la Catedral Bas\u00edlica de Zacatecas"},"content":{"rendered":"<p>\u25aa\ufe0fDurante este jueves se realizaron una exposici\u00f3n fotogr\u00e1fica en el Patio del Obispado y el concierto \u201cMisa Stella Matutina\u201d, a cargo de la agrupaci\u00f3n Coral de Zacatecas<br \/>\n\u25aa\ufe0fAsisten el Gobernador David Monreal y su esposa, Sara Hern\u00e1ndez, al concierto de m\u00fasica sacra ofrecido como parte de las actividades del Festival Cultural del Bienestar en Zacatecas 2025<\/p>\n<p>Zacatecas, Zac., 24 de abril de 2025.- Con una serie de actividades enmarcadas en el Festival Cultural del Bienestar en Zacatecas 2025, se conmemoraron los 280 a\u00f1os de la culminaci\u00f3n de la Portada Mayor de la Catedral Bas\u00edlica de Zacatecas. <\/p>\n<p>Con una exposici\u00f3n fotogr\u00e1fica en el Patio del Obispado y el concierto \u201cMisa Stella Matutina\u201d, a cargo de la agrupaci\u00f3n Coral de Zacatecas, se celebr\u00f3 el aniversario 280 de la colocaci\u00f3n de la \u00faltima piedra de la fachada del tempo de culto religioso m\u00e1s importante del estado. <\/p>\n<p>Acompa\u00f1ados por el Obispo de Zacatecas, Sigifredo Noriega Barcel\u00f3, el Gobernador David Monreal \u00c1vila y su esposa, Sara Hern\u00e1ndez de Monreal, se dieron cita en la Catedral para presenciar el concierto, que estuvo bajo la direcci\u00f3n de Sergio Ba\u00f1uelos Robles.<\/p>\n<p>En presencia tambi\u00e9n de Mar\u00eda de Jes\u00fas Mu\u00f1oz Reyes, directora general del Instituto Zacatecano de Cultura (IZC); del Secretario General de Gobierno, Rodrigo Reyes Mug\u00fcerza, y del Padre Rector de la Catedral, Jos\u00e9 Luis Ram\u00edrez S\u00e1nchez, cientos de asistentes fueron parte de esta celebraci\u00f3n.<\/p>\n<p>Interpretado por Coral de Zacatecas, \u201cMisa Stella Matutina\u201d se desarroll\u00f3 en tres partes, con piezas de Frank Schubert, Bruno Coulais, Christophe Barratier, Andrew Lloyd Webber, as\u00ed como \u201cMisa Stella Matutina\u201d, de Viro Carnevali.<\/p>\n<p>Con siete a\u00f1os de creaci\u00f3n y con integrantes de hasta siete d\u00e9cadas de trayectoria, Coral de Zacatecas tambi\u00e9n ejecut\u00f3 piezas como \u201cLacrimosa\u201d y \u201cAve Verum\u201d, de Wolfgang Amadeus Mozart; \u201cAve Mar\u00eda\u201d, de Giulio Caccini; \u201cMajestad y Gloria\u201d, de Tom Fettke; \u201cVa Pensiero\u201d, de Giuseppe Verdi; y \u201cGloria\u201d, de Antonio Vivaldi.<\/p>\n<p>El Obispo Sigifredo Noriega Barcel\u00f3 asent\u00f3 que el Festival Cultural del Bienestar en Zacatecas no estar\u00eda completo sin este concierto de m\u00fasica sacra, en el recinto m\u00e1s emblem\u00e1tico de culto religioso del estado, y \u00e9se es una gran aportaci\u00f3n, porque, con la cultura, prevalece todo lo positivo del ser humano y eso ayuda a superar los malos momentos y las crisis.<\/p>\n<p>Tras manifestar el orgullo por el grupo Coral de Zacatecas, el Obispo Sigifredo Noriega agradeci\u00f3 a las autoridades del Gobierno de Zacatecas por hacer posible y permitir momentos como \u00e9stos, porque, desde la Catedral, tambi\u00e9n se contribuye no s\u00f3lo a darle alegr\u00eda a la gente, sino tambi\u00e9n a so\u00f1ar en grande, a pensar en grande y a cantar en grande. <\/p>\n<p>\u2014ooOoo\u2014<\/p>\n","protected":false},"excerpt":{"rendered":"<p>\u25aa\ufe0fDurante este jueves se realizaron una exposici\u00f3n fotogr\u00e1fica en el Patio del Obispado y el concierto \u201cMisa Stella Matutina\u201d, a cargo de la agrupaci\u00f3n Coral de<span class=\"excerpt-hellip\"> [\u2026]<\/span><\/p>\n","protected":false},"author":2,"featured_media":9612,"comment_status":"open","ping_status":"open","sticky":false,"template":"","format":"standard","meta":{"footnotes":""},"categories":[16],"tags":[],"class_list":["post-9611","post","type-post","status-publish","format-standard","has-post-thumbnail","hentry","category-zacatecas"],"_links":{"self":[{"href":"https:\/\/sientetupasion.com\/index.php\/wp-json\/wp\/v2\/posts\/9611","targetHints":{"allow":["GET"]}}],"collection":[{"href":"https:\/\/sientetupasion.com\/index.php\/wp-json\/wp\/v2\/posts"}],"about":[{"href":"https:\/\/sientetupasion.com\/index.php\/wp-json\/wp\/v2\/types\/post"}],"author":[{"embeddable":true,"href":"https:\/\/sientetupasion.com\/index.php\/wp-json\/wp\/v2\/users\/2"}],"replies":[{"embeddable":true,"href":"https:\/\/sientetupasion.com\/index.php\/wp-json\/wp\/v2\/comments?post=9611"}],"version-history":[{"count":1,"href":"https:\/\/sientetupasion.com\/index.php\/wp-json\/wp\/v2\/posts\/9611\/revisions"}],"predecessor-version":[{"id":9613,"href":"https:\/\/sientetupasion.com\/index.php\/wp-json\/wp\/v2\/posts\/9611\/revisions\/9613"}],"wp:featuredmedia":[{"embeddable":true,"href":"https:\/\/sientetupasion.com\/index.php\/wp-json\/wp\/v2\/media\/9612"}],"wp:attachment":[{"href":"https:\/\/sientetupasion.com\/index.php\/wp-json\/wp\/v2\/media?parent=9611"}],"wp:term":[{"taxonomy":"category","embeddable":true,"href":"https:\/\/sientetupasion.com\/index.php\/wp-json\/wp\/v2\/categories?post=9611"},{"taxonomy":"post_tag","embeddable":true,"href":"https:\/\/sientetupasion.com\/index.php\/wp-json\/wp\/v2\/tags?post=9611"}],"curies":[{"name":"wp","href":"https:\/\/api.w.org\/{rel}","templated":true}]}}