{"id":9596,"date":"2025-04-24T19:46:33","date_gmt":"2025-04-25T01:46:33","guid":{"rendered":"https:\/\/sientetupasion.com\/?p=9596"},"modified":"2025-04-24T19:46:33","modified_gmt":"2025-04-25T01:46:33","slug":"destacan-estudiosos-contribucion-de-barrios-indios-a-la-grandeza-de-zacatecas","status":"publish","type":"post","link":"https:\/\/sientetupasion.com\/index.php\/2025\/04\/24\/destacan-estudiosos-contribucion-de-barrios-indios-a-la-grandeza-de-zacatecas\/","title":{"rendered":"Destacan estudiosos contribuci\u00f3n de barrios indios a la grandeza de Zacatecas"},"content":{"rendered":"<p>\u25aa\tGobierno del Estado realiza foro en el que se habl\u00f3 de los barrios zacatecanos y sus costumbres<br \/>\n\u25aa\tPresentan libro sobre obra p\u00fablica de Francisco Rend\u00f3n <\/p>\n<p>Zacatecas, Zac., 24 de abril de 2025.- Como parte de las acciones que el Gobernador David Monreal \u00c1vila dispuso para la difusi\u00f3n y promoci\u00f3n de nuestra historia, este d\u00eda, estudiosos en la materia expusieron c\u00f3mo los barrios conformados por indios contribuyeron a la grandeza y majestuosidad de la ciudad.<\/p>\n<p>En las diferentes mesas del Foro Barrios de Indios en Zacatecas, hablaron de c\u00f3mo y d\u00f3nde se conformaron los barrios, la construcci\u00f3n y caracter\u00edsticas de sus capillas y parroquias, la estructuraci\u00f3n de la ciudad, as\u00ed como las fases en la construcci\u00f3n de algunas \u00e1reas o edificios en las que incluso se generaron, a lo largo del tiempo, modificaciones.<\/p>\n<p>En esta actividad, realizada en el marco del Festival Cultural del Bienestar en Zacatecas, el investigador Veremundo Carrillo Trujillo hizo referencia a los indios y c\u00f3mo surgi\u00f3 el t\u00e9rmino con la llegada de Crist\u00f3bal Col\u00f3n, que luego fue modificado a ind\u00edgenas y c\u00f3mo los asentamientos se fueron realizando por la b\u00fasqueda de metales preciosos.<\/p>\n<p>En la apertura del Foro, realizado en la Ciudadela del Arte, el diputado Oscar Novella, presidente de la Comisi\u00f3n de Desarrollo Cultural de la Legislatura local, destac\u00f3 la importancia del evento, pues, se convertir\u00e1 en un espacio de an\u00e1lisis e investigaci\u00f3n sobre el legado cultural de los barrios de Zacatecas.<\/p>\n<p>Marlem Silva Parga, responsable del Archivo de la Legislatura, inform\u00f3 sobre los trabajos que se realizan con la finalidad de generar una iniciativa para declarar a los barrios patrimonio cultural material del estado.<\/p>\n<p>En el encuentro, se hizo menci\u00f3n de los barrios de Mexicapan, La Pinta, de la Merced o Ciudadela, de Pedregoso, el de San Jos\u00e9 de la Monta\u00f1a o San Jos\u00e9 de Gracia, del Patrocinio y Cinco Se\u00f1ores.<\/p>\n<p>Presentan libro sobre obra p\u00fablica <\/p>\n<p>En la Petroteca del estado, se present\u00f3 el libro La Obra P\u00fablica Ilustrada en Zacatecas. Francisco Rend\u00f3n y la Ordenanza de Intendentes 1796-1810, autor\u00eda del historiador Jes\u00fas Dom\u00ednguez Cardiel y editado por la Cr\u00f3nica del Estado.<\/p>\n<p>El autor Jes\u00fas Dom\u00ednguez dijo que Francisco Rend\u00f3n, intendente de la ciudad, se comprometi\u00f3 con Zacatecas y construy\u00f3 obra p\u00fablica, no s\u00f3lo para el embellecimiento de la ciudad, sino para su funcionalidad; resalt\u00f3 edificios emblem\u00e1ticos como la Casa Municipal de Cultura, la Casa de la Moneda y la Alameda Trinidad Garc\u00eda de la Cadena, con su delimitaci\u00f3n de la misma.<\/p>\n<p>Lidia Medina Lozano, al comentar la obra, destac\u00f3 la importancia del libro en el que se aborda un tema poco explorado: la obra p\u00fablica como herramienta de modernizaci\u00f3n del siglo XVIII.<\/p>\n<p>Refiri\u00f3 que el texto tiene una virtud, que visibiliza lo invisible y nos hace entender c\u00f3mo las construcciones no s\u00f3lo son piedras puestas, sino parte de proyectos pol\u00edticos, sociales o hasta morales.<\/p>\n<p>Mart\u00edn Escobedo ofreci\u00f3 un contexto sobre la transici\u00f3n del per\u00edodo de austrias al borb\u00f3nico y c\u00f3mo estaba conformada su clase pol\u00edtica y su misi\u00f3n social.<\/p>\n<p>\u2014ooOoo\u2014<\/p>\n","protected":false},"excerpt":{"rendered":"<p>\u25aa Gobierno del Estado realiza foro en el que se habl\u00f3 de los barrios zacatecanos y sus costumbres \u25aa Presentan libro sobre obra p\u00fablica de Francisco<span class=\"excerpt-hellip\"> [\u2026]<\/span><\/p>\n","protected":false},"author":2,"featured_media":9597,"comment_status":"open","ping_status":"open","sticky":false,"template":"","format":"standard","meta":{"footnotes":""},"categories":[16],"tags":[],"class_list":["post-9596","post","type-post","status-publish","format-standard","has-post-thumbnail","hentry","category-zacatecas"],"_links":{"self":[{"href":"https:\/\/sientetupasion.com\/index.php\/wp-json\/wp\/v2\/posts\/9596","targetHints":{"allow":["GET"]}}],"collection":[{"href":"https:\/\/sientetupasion.com\/index.php\/wp-json\/wp\/v2\/posts"}],"about":[{"href":"https:\/\/sientetupasion.com\/index.php\/wp-json\/wp\/v2\/types\/post"}],"author":[{"embeddable":true,"href":"https:\/\/sientetupasion.com\/index.php\/wp-json\/wp\/v2\/users\/2"}],"replies":[{"embeddable":true,"href":"https:\/\/sientetupasion.com\/index.php\/wp-json\/wp\/v2\/comments?post=9596"}],"version-history":[{"count":1,"href":"https:\/\/sientetupasion.com\/index.php\/wp-json\/wp\/v2\/posts\/9596\/revisions"}],"predecessor-version":[{"id":9598,"href":"https:\/\/sientetupasion.com\/index.php\/wp-json\/wp\/v2\/posts\/9596\/revisions\/9598"}],"wp:featuredmedia":[{"embeddable":true,"href":"https:\/\/sientetupasion.com\/index.php\/wp-json\/wp\/v2\/media\/9597"}],"wp:attachment":[{"href":"https:\/\/sientetupasion.com\/index.php\/wp-json\/wp\/v2\/media?parent=9596"}],"wp:term":[{"taxonomy":"category","embeddable":true,"href":"https:\/\/sientetupasion.com\/index.php\/wp-json\/wp\/v2\/categories?post=9596"},{"taxonomy":"post_tag","embeddable":true,"href":"https:\/\/sientetupasion.com\/index.php\/wp-json\/wp\/v2\/tags?post=9596"}],"curies":[{"name":"wp","href":"https:\/\/api.w.org\/{rel}","templated":true}]}}