{"id":9582,"date":"2025-04-24T19:39:42","date_gmt":"2025-04-25T01:39:42","guid":{"rendered":"https:\/\/sientetupasion.com\/?p=9582"},"modified":"2025-04-24T19:39:42","modified_gmt":"2025-04-25T01:39:42","slug":"impulsan-una-agenda-binacional-por-los-derechos-migrantes-y-el-desarrollo-compartido","status":"publish","type":"post","link":"https:\/\/sientetupasion.com\/index.php\/2025\/04\/24\/impulsan-una-agenda-binacional-por-los-derechos-migrantes-y-el-desarrollo-compartido\/","title":{"rendered":"IMPULSAN UNA AGENDA BINACIONAL POR LOS DERECHOS MIGRANTES Y EL DESARROLLO COMPARTIDO"},"content":{"rendered":"<p>Ciudad de M\u00e9xico, a 24 de abril de 2025.\u2013<br \/>\nEl diputado federal Ulises Mej\u00eda Haro particip\u00f3 esta ma\u00f1ana en el Foro \u201cUna Agenda Binacional para la Justicia Migrante y el Desarrollo Compartido\u201d, convocado por la senadora Amalia Garc\u00eda Medina, presidenta de la Comisi\u00f3n Especial para la Agenda 2030, y por el Colectivo de Federaciones y Organizaciones Mexicanas Migrantes en Estados Unidos y Canad\u00e1 (COLEFOM), con el respaldo de legisladoras, legisladores, instituciones acad\u00e9micas y organizaciones de la sociedad civil.<\/p>\n<p>El foro tuvo como objetivo generar un espacio de di\u00e1logo y propuestas entre la comunidad mexicana migrante, representantes del Congreso de la Uni\u00f3n, funcionarias y funcionarios del Poder Ejecutivo, la Universidad Nacional Aut\u00f3noma de M\u00e9xico (UNAM) y otros actores estrat\u00e9gicos. Se busca articular pol\u00edticas p\u00fablicas que respondan a los desaf\u00edos migratorios actuales, promoviendo una narrativa que reconozca el aporte positivo de las y los mexicanos en el exterior y fomente una cooperaci\u00f3n binacional m\u00e1s justa, efectiva e incluyente.<\/p>\n<p>Durante el encuentro se present\u00f3 la carpeta institucional de COLEFOM, que contiene una agenda construida desde las comunidades migrantes organizadas, estructurada en seis comisiones de trabajo: Fortalecimiento Institucional, Derechos Pol\u00edticos Plenos, Salud y Medio Ambiente, Acceso a Recursos y Programas, Asuntos Ind\u00edgenas y Asuntos Pol\u00edticos en Estados Unidos y M\u00e9xico. Las propuestas est\u00e1n alineadas con los Objetivos de Desarrollo Sostenible (ODS) de la Agenda 2030 de Naciones Unidas, y representan una hoja de ruta concreta hacia la justicia social, el reconocimiento pleno de derechos y la inclusi\u00f3n binacional de nuestras comunidades en el exterior.<\/p>\n<p>Ulises Mej\u00eda Haro expres\u00f3:<br \/>\n\u201cLa nacionalidad no tiene fronteras. Desde el Congreso estamos impulsando una agenda que garantice los derechos, la representaci\u00f3n pol\u00edtica y el acceso a programas para nuestras comunidades migrantes. Continuaremos construyendo una naci\u00f3n con derechos plenos para todas y todos, sin importar d\u00f3nde vivan.\u201d<\/p>\n<p>El foro reuni\u00f3 a destacadas personalidades del \u00e1mbito legislativo, acad\u00e9mico y comunitario, entre ellas el presidente del Senado de la Rep\u00fablica, Gerardo Fern\u00e1ndez Noro\u00f1a; el coordinador general de COLEFOM, Efra\u00edn Jim\u00e9nez Mu\u00f1oz; Enrique Provencio Durazo y Tonatiuh Guill\u00e9n L\u00f3pez, del Programa Universitario de Estudios del Desarrollo de la UNAM; Rodolfo Garc\u00eda Zamora, investigador de la Universidad Aut\u00f3noma de Zacatecas; as\u00ed como las y los titulares de las comisiones de COLEFOM: Jorge Arturo Garc\u00eda, X\u00f3chitl Casta\u00f1eda, Francisco Moreno, Odilia Romero, N\u00e9rida Vargas y Beatriz Ricartti.<\/p>\n<p>Ulises Mej\u00eda Haro reiter\u00f3 su compromiso desde la C\u00e1mara de Diputados para traducir esta agenda en reformas legislativas que dignifiquen y reconozcan el papel transformador de las y los migrantes mexicanos:<br \/>\n\u201cConsolidaremos el Plan M\u00e9xico y M\u00e9xico te Abraza, implementados por nuestra presidenta de la Rep\u00fablica, Claudia Sheinbaum, as\u00ed como iniciativas de reforma para incrementar la presencia de nuestros hermanos y hermanas migrantes en la toma de decisiones del Congreso de la Uni\u00f3n y en los congresos locales. Ustedes son y ser\u00e1n parte del proyecto de naci\u00f3n que est\u00e1 transformando la vida p\u00fablica del pa\u00eds. El M\u00e9xico que queremos construir es uno donde ser migrante no signifique estar ausente, sino ser presente, ser voz, ser decisi\u00f3n.\u201d<\/p>\n","protected":false},"excerpt":{"rendered":"<p>Ciudad de M\u00e9xico, a 24 de abril de 2025.\u2013 El diputado federal Ulises Mej\u00eda Haro particip\u00f3 esta ma\u00f1ana en el Foro \u201cUna Agenda Binacional para la<span class=\"excerpt-hellip\"> [\u2026]<\/span><\/p>\n","protected":false},"author":2,"featured_media":9583,"comment_status":"open","ping_status":"open","sticky":false,"template":"","format":"standard","meta":{"footnotes":""},"categories":[8],"tags":[],"class_list":["post-9582","post","type-post","status-publish","format-standard","has-post-thumbnail","hentry","category-politica"],"_links":{"self":[{"href":"https:\/\/sientetupasion.com\/index.php\/wp-json\/wp\/v2\/posts\/9582","targetHints":{"allow":["GET"]}}],"collection":[{"href":"https:\/\/sientetupasion.com\/index.php\/wp-json\/wp\/v2\/posts"}],"about":[{"href":"https:\/\/sientetupasion.com\/index.php\/wp-json\/wp\/v2\/types\/post"}],"author":[{"embeddable":true,"href":"https:\/\/sientetupasion.com\/index.php\/wp-json\/wp\/v2\/users\/2"}],"replies":[{"embeddable":true,"href":"https:\/\/sientetupasion.com\/index.php\/wp-json\/wp\/v2\/comments?post=9582"}],"version-history":[{"count":1,"href":"https:\/\/sientetupasion.com\/index.php\/wp-json\/wp\/v2\/posts\/9582\/revisions"}],"predecessor-version":[{"id":9584,"href":"https:\/\/sientetupasion.com\/index.php\/wp-json\/wp\/v2\/posts\/9582\/revisions\/9584"}],"wp:featuredmedia":[{"embeddable":true,"href":"https:\/\/sientetupasion.com\/index.php\/wp-json\/wp\/v2\/media\/9583"}],"wp:attachment":[{"href":"https:\/\/sientetupasion.com\/index.php\/wp-json\/wp\/v2\/media?parent=9582"}],"wp:term":[{"taxonomy":"category","embeddable":true,"href":"https:\/\/sientetupasion.com\/index.php\/wp-json\/wp\/v2\/categories?post=9582"},{"taxonomy":"post_tag","embeddable":true,"href":"https:\/\/sientetupasion.com\/index.php\/wp-json\/wp\/v2\/tags?post=9582"}],"curies":[{"name":"wp","href":"https:\/\/api.w.org\/{rel}","templated":true}]}}