{"id":9579,"date":"2025-04-24T19:38:07","date_gmt":"2025-04-25T01:38:07","guid":{"rendered":"https:\/\/sientetupasion.com\/?p=9579"},"modified":"2025-04-24T19:38:07","modified_gmt":"2025-04-25T01:38:07","slug":"nueva-ley-de-telecomunicaciones-y-radiodifusion-creara-una-agencia-de-censura-denuncia-alejandro-moreno","status":"publish","type":"post","link":"https:\/\/sientetupasion.com\/index.php\/2025\/04\/24\/nueva-ley-de-telecomunicaciones-y-radiodifusion-creara-una-agencia-de-censura-denuncia-alejandro-moreno\/","title":{"rendered":"NUEVA LEY DE TELECOMUNICACIONES Y RADIODIFUSI\u00d3N CREAR\u00c1 UNA \u201cAGENCIA DE CENSURA\u201d, DENUNCIA ALEJANDRO MORENO"},"content":{"rendered":"<p>\u2022\t\u201cEs un d\u00eda triste, un d\u00eda complicado. Es, verdaderamente, ponerle el (\u00faltimo) clavo al ata\u00fad de la democracia\u201d, dijo el senador y Presidente del CEN del tricolor.<br \/>\nEl Presidente del Comit\u00e9 Ejecutivo Nacional (CEN) del Partido Revolucionario Institucional (PRI), Alejandro Moreno, denunci\u00f3 que la Agencia de Transformaci\u00f3n Digital que se pretende crear con la Ley de Telecomunicaciones y Radiodifusi\u00f3n estar\u00eda facultada para censurar y, por lo tanto, acabar\u00eda con la libertad de expresi\u00f3n, por lo que adelant\u00f3 que la bancada del tricolor en el Senado votar\u00e1 en contra.<br \/>\nInmediatamente despu\u00e9s de que se aprob\u00f3 en comisiones la iniciativa del Ejecutivo, en conferencia de prensa junto con el Coordinador del Grupo Parlamentario del PRI en la C\u00e1mara Alta, Manuel A\u00f1orve, y acompa\u00f1ado por los senadores priistas, dijo que \u201ces un d\u00eda triste, un d\u00eda complicado. Es, verdaderamente, ponerle el (\u00faltimo) clavo al ata\u00fad de la democracia\u201d.<br \/>\nCon el pretexto de la soberan\u00eda, asegur\u00f3, Morena impulsa una ley para silenciar a medios, plataformas digitales y voces inc\u00f3modas; y as\u00ed poder decidir qu\u00e9 medios pueden hablar y qu\u00e9 mexicanos pueden opinar. \u201cAs\u00ed empiezan las dictaduras\u201d, afirm\u00f3.<br \/>\nExpuso que desde el gobierno de Morena \u201cya controlan todos los organismos de este pa\u00eds, y ahora son sus organismos. Quitaron la autonom\u00eda. Quieren romper el r\u00e9gimen democr\u00e1tico y, por eso, no lo podemos permitir\u201d.<br \/>\nEl senador y Presidente del CEN del PRI expuso que, si algo no les gusta alg\u00fan contenido en el gobierno, \u201csin m\u00e1s, simplemente, lo van a suspender. Crean una agencia de censura para controlar todo\u201d en los medios de comunicaci\u00f3n.<br \/>\nAdem\u00e1s, agreg\u00f3, hay que informar a los usuarios que tambi\u00e9n se pretende controlar las redes sociales.<br \/>\nEl Presidente Alejandro Moreno advirti\u00f3 que la llamada Agencia de Transformaci\u00f3n Digital concentrar\u00e1 todo el poder para determinar qu\u00e9 se puede o no transmitir en radio, televisi\u00f3n o plataformas digitales. Su titular, inform\u00f3, ser\u00e1 designado por el gobierno y s\u00f3lo rendir\u00e1 cuentas a la Presidenta.<br \/>\n\u201cEsto no lo podemos permitir. porque ya estamos de cara al r\u00e9gimen autoritario. Van a controlar absolutamente todo; qu\u00e9 sale y qu\u00e9 no. Esta iniciativa, que es la agencia de censura, es para acabar con la libertad expresi\u00f3n, para que ninguno de nosotros pueda hablar, pueda opinar\u201d, argument\u00f3.<br \/>\nEn ese marco, el dirigente nacional del PRI destac\u00f3 que la nueva Ley de Telecomunicaciones y Radiodifusi\u00f3n, que se pretende aprobar en el pleno del Senado el pr\u00f3ximo lunes, viola varios puntos del tratado de libre comercio que tiene M\u00e9xico con Estados Unidos y Canad\u00e1.<br \/>\nAsegur\u00f3 que en Morena ya no les interesa qu\u00e9 diga la gente, qu\u00e9 opine la gente, y est\u00e1n aferrados al poder, controlando los organismos del Estado mexicano, mientras el crimen organizado mantiene atemorizados a los mexicanos.<br \/>\nPor ello, dio a conocer que se denunciar\u00e1 a los pol\u00edticos de Morena coludidos con delincuentes, incluido L\u00f3pez Obrador, porque permitieron que el crimen organizado se apoderara del pa\u00eds .<br \/>\n\u201cDesde el PRI\u201d, dijo, \u201ccon el voto que nos dio la ciudadan\u00eda, los vamos a enfrentar. El \u00fanico partido que los est\u00e1 enfrentando es el Partido Revolucionario Institucional\u201d.<\/p>\n<p>&#8212;000&#8212;<\/p>\n","protected":false},"excerpt":{"rendered":"<p>\u2022 \u201cEs un d\u00eda triste, un d\u00eda complicado. Es, verdaderamente, ponerle el (\u00faltimo) clavo al ata\u00fad de la democracia\u201d, dijo el senador y Presidente del CEN<span class=\"excerpt-hellip\"> [\u2026]<\/span><\/p>\n","protected":false},"author":2,"featured_media":9580,"comment_status":"open","ping_status":"open","sticky":false,"template":"","format":"standard","meta":{"footnotes":""},"categories":[8],"tags":[],"class_list":["post-9579","post","type-post","status-publish","format-standard","has-post-thumbnail","hentry","category-politica"],"_links":{"self":[{"href":"https:\/\/sientetupasion.com\/index.php\/wp-json\/wp\/v2\/posts\/9579","targetHints":{"allow":["GET"]}}],"collection":[{"href":"https:\/\/sientetupasion.com\/index.php\/wp-json\/wp\/v2\/posts"}],"about":[{"href":"https:\/\/sientetupasion.com\/index.php\/wp-json\/wp\/v2\/types\/post"}],"author":[{"embeddable":true,"href":"https:\/\/sientetupasion.com\/index.php\/wp-json\/wp\/v2\/users\/2"}],"replies":[{"embeddable":true,"href":"https:\/\/sientetupasion.com\/index.php\/wp-json\/wp\/v2\/comments?post=9579"}],"version-history":[{"count":1,"href":"https:\/\/sientetupasion.com\/index.php\/wp-json\/wp\/v2\/posts\/9579\/revisions"}],"predecessor-version":[{"id":9581,"href":"https:\/\/sientetupasion.com\/index.php\/wp-json\/wp\/v2\/posts\/9579\/revisions\/9581"}],"wp:featuredmedia":[{"embeddable":true,"href":"https:\/\/sientetupasion.com\/index.php\/wp-json\/wp\/v2\/media\/9580"}],"wp:attachment":[{"href":"https:\/\/sientetupasion.com\/index.php\/wp-json\/wp\/v2\/media?parent=9579"}],"wp:term":[{"taxonomy":"category","embeddable":true,"href":"https:\/\/sientetupasion.com\/index.php\/wp-json\/wp\/v2\/categories?post=9579"},{"taxonomy":"post_tag","embeddable":true,"href":"https:\/\/sientetupasion.com\/index.php\/wp-json\/wp\/v2\/tags?post=9579"}],"curies":[{"name":"wp","href":"https:\/\/api.w.org\/{rel}","templated":true}]}}