{"id":9576,"date":"2025-04-24T19:37:00","date_gmt":"2025-04-25T01:37:00","guid":{"rendered":"https:\/\/sientetupasion.com\/?p=9576"},"modified":"2025-04-24T19:37:00","modified_gmt":"2025-04-25T01:37:00","slug":"el-cuidado-del-medio-ambiente-debe-ser-el-eje-rector-de-la-agenda-nacional-geovanna-banuelos","status":"publish","type":"post","link":"https:\/\/sientetupasion.com\/index.php\/2025\/04\/24\/el-cuidado-del-medio-ambiente-debe-ser-el-eje-rector-de-la-agenda-nacional-geovanna-banuelos\/","title":{"rendered":"El cuidado del medio ambiente debe ser el eje rector de la agenda nacional: Geovanna Ba\u00f1uelos"},"content":{"rendered":"<p>En el marco del D\u00eda Mundial de la Madre Tierra, la senadora Geovanna Ba\u00f1uelos enfatiz\u00f3 que la educaci\u00f3n ambiental, la promoci\u00f3n de energ\u00edas limpias, el uso responsable de agua y la protecci\u00f3n de \u00e1reas naturales deben ser ejes rectores de la agenda nacional.<\/p>\n<p>En tribuna, la vicecoordinadora del Grupo Parlamentario del Partido del Trabajo (GPPT) se\u00f1al\u00f3 que el Estado mexicano tiene una responsabilidad ineludible y la defensa del medio ambiente debe ser prioridad nacional que contemple una transici\u00f3n energ\u00e9tica justa, dejando atr\u00e1s los combustibles f\u00f3siles sin afectar el empleo y el bienestar de los trabajadores.<\/p>\n<p>\u201cNecesitamos frenar la deforestaci\u00f3n y la contaminaci\u00f3n de r\u00edos y mares, impulsar una agricultura sostenible, garantizar el acceso equitativo al agua y sancionar con firmeza los cr\u00edmenes ambientales\u201d, asever\u00f3 la legisladora.<\/p>\n<p>En este sentido, Geovanna Ba\u00f1uelos mencion\u00f3 que el D\u00eda de la Tierra no debe ser s\u00f3lo una fecha en el calendario, sino un punto de inflexi\u00f3n hacia un nuevo modelo de vida, un modelo en armon\u00eda con los ciclos naturales, con respeto a la diversidad biol\u00f3gica y cultural con la firme convicci\u00f3n de que un futuro ecol\u00f3gico justo y colectivo es posible si se trabaja en conjunto.<\/p>\n<p>\u201cEl d\u00eda de hoy estamos conmemorando el D\u00eda Mundial de la Madre Tierra, y esta fecha nos invita no s\u00f3lo a reflexionar, sino a actuar con responsabilidad sobre la profunda crisis ambiental que enfrenta nuestro planeta\u201d, apunt\u00f3 <\/p>\n<p>Por ello, la l\u00edder petista anunci\u00f3 la presentaci\u00f3n de una iniciativa de reforma integral a la Constituci\u00f3n para reconocer y establecer los derechos de la naturaleza.<\/p>\n<p>\u201cNo habr\u00e1 justicia social sin justicia ecol\u00f3gica. No habr\u00e1 paz duradera sin una relaci\u00f3n arm\u00f3nica con la naturaleza. Por la vida, por la dignidad y por el planeta, sigamos luchando\u201d, subray\u00f3.<\/p>\n<p>Geovanna Ba\u00f1uelos mencion\u00f3 que en los \u00faltimos a\u00f1os el impacto de la actividad humana sobre los ecosistemas ha sido devastador; la deforestaci\u00f3n, la contaminaci\u00f3n, la p\u00e9rdida de biodiversidad y el cambio clim\u00e1tico son amenazas a la estabilidad del planeta y la supervivencia de millones de especies, incluyendo a los humanos.<\/p>\n<p>\u201cEn M\u00e9xico esta realidad se hace patente en la sequ\u00eda que azota a diversas regiones, en la contaminaci\u00f3n de r\u00edos y mares, en los incendios forestales y en la desigualdad que viven muchas comunidades rurales e ind\u00edgenas, quienes ven amenazada su forma de vida por el deterioro ecol\u00f3gico\u201d, detall\u00f3.<\/p>\n<p>Por ello, Geovanna Ba\u00f1uelos hizo un llamado urgente a replantear la relaci\u00f3n entre el ser humano y la naturaleza, una relaci\u00f3n que por siglos ha estado marcada por la explotaci\u00f3n desmedida, la indiferencia y la desigualdad.<\/p>\n","protected":false},"excerpt":{"rendered":"<p>En el marco del D\u00eda Mundial de la Madre Tierra, la senadora Geovanna Ba\u00f1uelos enfatiz\u00f3 que la educaci\u00f3n ambiental, la promoci\u00f3n de energ\u00edas limpias, el uso<span class=\"excerpt-hellip\"> [\u2026]<\/span><\/p>\n","protected":false},"author":2,"featured_media":9577,"comment_status":"open","ping_status":"open","sticky":false,"template":"","format":"standard","meta":{"footnotes":""},"categories":[8],"tags":[],"class_list":["post-9576","post","type-post","status-publish","format-standard","has-post-thumbnail","hentry","category-politica"],"_links":{"self":[{"href":"https:\/\/sientetupasion.com\/index.php\/wp-json\/wp\/v2\/posts\/9576","targetHints":{"allow":["GET"]}}],"collection":[{"href":"https:\/\/sientetupasion.com\/index.php\/wp-json\/wp\/v2\/posts"}],"about":[{"href":"https:\/\/sientetupasion.com\/index.php\/wp-json\/wp\/v2\/types\/post"}],"author":[{"embeddable":true,"href":"https:\/\/sientetupasion.com\/index.php\/wp-json\/wp\/v2\/users\/2"}],"replies":[{"embeddable":true,"href":"https:\/\/sientetupasion.com\/index.php\/wp-json\/wp\/v2\/comments?post=9576"}],"version-history":[{"count":1,"href":"https:\/\/sientetupasion.com\/index.php\/wp-json\/wp\/v2\/posts\/9576\/revisions"}],"predecessor-version":[{"id":9578,"href":"https:\/\/sientetupasion.com\/index.php\/wp-json\/wp\/v2\/posts\/9576\/revisions\/9578"}],"wp:featuredmedia":[{"embeddable":true,"href":"https:\/\/sientetupasion.com\/index.php\/wp-json\/wp\/v2\/media\/9577"}],"wp:attachment":[{"href":"https:\/\/sientetupasion.com\/index.php\/wp-json\/wp\/v2\/media?parent=9576"}],"wp:term":[{"taxonomy":"category","embeddable":true,"href":"https:\/\/sientetupasion.com\/index.php\/wp-json\/wp\/v2\/categories?post=9576"},{"taxonomy":"post_tag","embeddable":true,"href":"https:\/\/sientetupasion.com\/index.php\/wp-json\/wp\/v2\/tags?post=9576"}],"curies":[{"name":"wp","href":"https:\/\/api.w.org\/{rel}","templated":true}]}}