{"id":943,"date":"2024-09-08T14:37:42","date_gmt":"2024-09-08T14:37:42","guid":{"rendered":"https:\/\/sientetupasion.com\/?p=943"},"modified":"2024-09-08T14:37:42","modified_gmt":"2024-09-08T14:37:42","slug":"refrenda-pt-su-compromiso-con-el-pueblo-zacatecano","status":"publish","type":"post","link":"https:\/\/sientetupasion.com\/index.php\/2024\/09\/08\/refrenda-pt-su-compromiso-con-el-pueblo-zacatecano\/","title":{"rendered":"REFRENDA PT SU COMPROMISO CON EL PUEBLO ZACATECANO*"},"content":{"rendered":"<p>&nbsp;<\/p>\n<p>\u2b50 *<\/p>\n<p>*_\u2713La diputada Renata \u00c1vila es nombrada vicepresidenta de la mesa directiva._*<br \/>\n*_\u2713El PT priorizar\u00e1 la legislaci\u00f3n en materia de Derechos Humanos, como la salud, la educaci\u00f3n y el trabajo._*<br \/>\n*_\u2713El PT pondr\u00e1 foco en materia de Derechos Humanos, como la salud, la educaci\u00f3n y el trabajo._*<br \/>\n*_\u2713El diputado Alfredo Femat asumir\u00e1 la coordinaci\u00f3n del grupo parlamentario del PT._*<\/p>\n<p>En el marco de la toma de protesta de la LXV Legislatura del estado de Zacatecas, la fracci\u00f3n parlamentaria del Partido del Trabajo (PT), refrenda su compromiso con la sociedad zacatecana y con las causas sociales que hist\u00f3ricamente ha acompa\u00f1ado la izquierda.<\/p>\n<p>Renata \u00c1vila, quien fue nombrada vicepresidenta de la mesa directiva, por votaci\u00f3n de todos los legisladores, declar\u00f3 que el Partido del Trabajo tiene sus or\u00edgenes en los Movimientos Sociales que conquistaron derechos hist\u00f3ricos para la clase trabajadora, por lo que el PT priorizar\u00e1 la legislaci\u00f3n en materia de Derechos Humanos, como la salud, la educaci\u00f3n y el trabajo.<\/p>\n<p>Se\u00f1al\u00f3 que el PT estar\u00e1 siempre dispuesto a atender las demandas de las mujeres, por lo que uno de sus objetivos ser\u00e1 garantizar, desde su Agenda Legislativa, todo lo relacionado con salud menstrual, reproductiva y materna.<\/p>\n<p>Expuso, que \u201ca\u00fan hay pendientes importantes con los grupos m\u00e1s vulnerables ante los cuales, el poder legislativo, tiene la facultad de generar normas, adem\u00e1s de destinar presupuestos\u201d, por lo que reiter\u00f3 que los legisladores del PT estar\u00e1n siempre dispuestos a escuchar y atender las demandas de la poblaci\u00f3n.<\/p>\n<p>En el mismo sentido, se pronunci\u00f3 Femat Ba\u00f1uelos, coordinador del grupo parlamentario, adelant\u00f3 que la Agenda Legislativa del PT, propondr\u00e1 una serie de reformas que van desde el fortalecimiento a jubilados y pensionados, el acceso a la vivienda y derechos laborales para j\u00f3venes, hasta el abordaje de temas de salud mental, atenci\u00f3n m\u00e9dica universal y gratuita, alimentaci\u00f3n, medio ambiente y derecho al agua, fortalecimiento del campo, entre otros.<\/p>\n","protected":false},"excerpt":{"rendered":"<p>&nbsp; \u2b50 * *_\u2713La diputada Renata \u00c1vila es nombrada vicepresidenta de la mesa directiva._* *_\u2713El PT priorizar\u00e1 la legislaci\u00f3n en materia de Derechos Humanos, como la<span class=\"excerpt-hellip\"> [\u2026]<\/span><\/p>\n","protected":false},"author":2,"featured_media":944,"comment_status":"open","ping_status":"open","sticky":false,"template":"","format":"standard","meta":{"footnotes":""},"categories":[7],"tags":[],"class_list":["post-943","post","type-post","status-publish","format-standard","has-post-thumbnail","hentry","category-nacionales"],"_links":{"self":[{"href":"https:\/\/sientetupasion.com\/index.php\/wp-json\/wp\/v2\/posts\/943","targetHints":{"allow":["GET"]}}],"collection":[{"href":"https:\/\/sientetupasion.com\/index.php\/wp-json\/wp\/v2\/posts"}],"about":[{"href":"https:\/\/sientetupasion.com\/index.php\/wp-json\/wp\/v2\/types\/post"}],"author":[{"embeddable":true,"href":"https:\/\/sientetupasion.com\/index.php\/wp-json\/wp\/v2\/users\/2"}],"replies":[{"embeddable":true,"href":"https:\/\/sientetupasion.com\/index.php\/wp-json\/wp\/v2\/comments?post=943"}],"version-history":[{"count":1,"href":"https:\/\/sientetupasion.com\/index.php\/wp-json\/wp\/v2\/posts\/943\/revisions"}],"predecessor-version":[{"id":945,"href":"https:\/\/sientetupasion.com\/index.php\/wp-json\/wp\/v2\/posts\/943\/revisions\/945"}],"wp:featuredmedia":[{"embeddable":true,"href":"https:\/\/sientetupasion.com\/index.php\/wp-json\/wp\/v2\/media\/944"}],"wp:attachment":[{"href":"https:\/\/sientetupasion.com\/index.php\/wp-json\/wp\/v2\/media?parent=943"}],"wp:term":[{"taxonomy":"category","embeddable":true,"href":"https:\/\/sientetupasion.com\/index.php\/wp-json\/wp\/v2\/categories?post=943"},{"taxonomy":"post_tag","embeddable":true,"href":"https:\/\/sientetupasion.com\/index.php\/wp-json\/wp\/v2\/tags?post=943"}],"curies":[{"name":"wp","href":"https:\/\/api.w.org\/{rel}","templated":true}]}}