{"id":9384,"date":"2025-04-22T21:16:47","date_gmt":"2025-04-23T03:16:47","guid":{"rendered":"https:\/\/sientetupasion.com\/?p=9384"},"modified":"2025-04-22T21:16:47","modified_gmt":"2025-04-23T03:16:47","slug":"invita-gobierno-de-zacatecas-al-show-oficial-del-payaso-plim-plim-para-festejar-el-dia-de-la-nina-y-el-nino","status":"publish","type":"post","link":"https:\/\/sientetupasion.com\/index.php\/2025\/04\/22\/invita-gobierno-de-zacatecas-al-show-oficial-del-payaso-plim-plim-para-festejar-el-dia-de-la-nina-y-el-nino\/","title":{"rendered":"Invita Gobierno de Zacatecas al show oficial del Payaso Plim Plim para festejar el D\u00eda de la Ni\u00f1a y el Ni\u00f1o"},"content":{"rendered":"<p>Zacatecas, Zac., 21 de abril 2025.- Para festejar el D\u00eda de la Ni\u00f1a y el Ni\u00f1o, el Gobierno de Zacatecas, que encabeza el mandatario estatal David Monreal \u00c1vila, a trav\u00e9s del Sistema Estatal para el Desarrollo Integral de la Familia (SEDIF), que preside la se\u00f1ora Sara Hern\u00e1ndez de Monreal, invita a todas las familias zacatecanas a celebrar esta fecha tan especial, con un evento lleno de alegr\u00eda, magia y diversi\u00f3n.<\/p>\n<p>Risas y alegr\u00eda inundar\u00e1n la Plaza de Armas el pr\u00f3ximo lunes 28 de abril, a partir de las 18:00 horas, con la presentaci\u00f3n del show oficial del Payaso Plim Plim, un espect\u00e1culo pensado especialmente para las ni\u00f1as y los ni\u00f1os, con mensajes de valores, amistad y respeto.<\/p>\n<p>La entrada ser\u00e1 completamente gratuita y sin boleto, por lo que se invita a las familias zacatecanas a asistir con sus peque\u00f1ines para disfrutar de una tarde inolvidable en el coraz\u00f3n de la ciudad.<\/p>\n<p>El Gobierno de Zacatecas reafirma su compromiso con la ni\u00f1ez, por lo que promueve espacios recreativos y actividades que fomenten la sana convivencia y el bienestar de las y los m\u00e1s peque\u00f1os.<\/p>\n<p>\u2014ooOoo\u2014<\/p>\n","protected":false},"excerpt":{"rendered":"<p>Zacatecas, Zac., 21 de abril 2025.- Para festejar el D\u00eda de la Ni\u00f1a y el Ni\u00f1o, el Gobierno de Zacatecas, que encabeza el mandatario estatal David<span class=\"excerpt-hellip\"> [\u2026]<\/span><\/p>\n","protected":false},"author":2,"featured_media":9385,"comment_status":"open","ping_status":"open","sticky":false,"template":"","format":"standard","meta":{"footnotes":""},"categories":[16],"tags":[],"class_list":["post-9384","post","type-post","status-publish","format-standard","has-post-thumbnail","hentry","category-zacatecas"],"_links":{"self":[{"href":"https:\/\/sientetupasion.com\/index.php\/wp-json\/wp\/v2\/posts\/9384","targetHints":{"allow":["GET"]}}],"collection":[{"href":"https:\/\/sientetupasion.com\/index.php\/wp-json\/wp\/v2\/posts"}],"about":[{"href":"https:\/\/sientetupasion.com\/index.php\/wp-json\/wp\/v2\/types\/post"}],"author":[{"embeddable":true,"href":"https:\/\/sientetupasion.com\/index.php\/wp-json\/wp\/v2\/users\/2"}],"replies":[{"embeddable":true,"href":"https:\/\/sientetupasion.com\/index.php\/wp-json\/wp\/v2\/comments?post=9384"}],"version-history":[{"count":1,"href":"https:\/\/sientetupasion.com\/index.php\/wp-json\/wp\/v2\/posts\/9384\/revisions"}],"predecessor-version":[{"id":9386,"href":"https:\/\/sientetupasion.com\/index.php\/wp-json\/wp\/v2\/posts\/9384\/revisions\/9386"}],"wp:featuredmedia":[{"embeddable":true,"href":"https:\/\/sientetupasion.com\/index.php\/wp-json\/wp\/v2\/media\/9385"}],"wp:attachment":[{"href":"https:\/\/sientetupasion.com\/index.php\/wp-json\/wp\/v2\/media?parent=9384"}],"wp:term":[{"taxonomy":"category","embeddable":true,"href":"https:\/\/sientetupasion.com\/index.php\/wp-json\/wp\/v2\/categories?post=9384"},{"taxonomy":"post_tag","embeddable":true,"href":"https:\/\/sientetupasion.com\/index.php\/wp-json\/wp\/v2\/tags?post=9384"}],"curies":[{"name":"wp","href":"https:\/\/api.w.org\/{rel}","templated":true}]}}