{"id":9349,"date":"2025-04-22T20:38:31","date_gmt":"2025-04-23T02:38:31","guid":{"rendered":"https:\/\/sientetupasion.com\/?p=9349"},"modified":"2025-04-22T20:38:31","modified_gmt":"2025-04-23T02:38:31","slug":"enata-avila-llama-al-reconocimiento-al-barrio-de-san-pedro-como-espacio-de-relevancia-historica-y-cultural","status":"publish","type":"post","link":"https:\/\/sientetupasion.com\/index.php\/2025\/04\/22\/enata-avila-llama-al-reconocimiento-al-barrio-de-san-pedro-como-espacio-de-relevancia-historica-y-cultural\/","title":{"rendered":"ENATA \u00c1VILA LLAMA AL RECONOCIMIENTO AL BARRIO DE SAN PEDRO COMO ESPACIO DE RELEVANCIA HIST\u00d3RICA Y CULTURAL"},"content":{"rendered":"<p>La diputada Renata Libertad \u00c1vila Valadez, del Partido del Trabajo (PT), present\u00f3 una iniciativa con proyecto de decreto para declarar al Barrio de San Pedro como Barrio de Relevancia Hist\u00f3rica y Cultural del Municipio de Zacatecas.<\/p>\n<p>Durante la lectura del documento, vecinas y vecinos del Barrio de San Pedro acudieron al recinto legislativo para acompa\u00f1ar la propuesta, que fue turnada a la Comisi\u00f3n de Cultura para su estudio y dictamen.<\/p>\n<p>\u00c1vila Valadez subray\u00f3 que el reconocimiento no solo responde a la importancia del barrio en la historia urbana de Zacatecas, sino tambi\u00e9n a su identidad comunitaria, tradiciones orales y oficios populares. \u201cEste barrio conserva no s\u00f3lo piedra y cantera, sino tambi\u00e9n memoria, cultura viva y una profunda ra\u00edz colectiva\u201d, expres\u00f3 desde tribuna.<\/p>\n<p>La iniciativa resalta elementos clave como el Acueducto, construido entre los siglos XVIII y XIX, y la antigua Plaza de Toros San Pedro, que fue centro de espect\u00e1culos durante el siglo XIX. Asimismo, se mencionan espacios emblem\u00e1ticos como la Plazuela de las Carretas, los callejones con leyendas urbanas como el de los Perros y los Pericos, as\u00ed como las antiguas vecindades, talleres y comercios tradicionales que dan vida al barrio.<\/p>\n<p>La propuesta contempla que este decreto sirva como base para la elaboraci\u00f3n de un expediente t\u00e9cnico-cultural que permita gestionar recursos y programas estatales y federales para la conservaci\u00f3n y difusi\u00f3n del patrimonio del barrio.<\/p>\n<p>Finalmente, se exhorta a la Secretar\u00eda de Turismo del Estado a considerar al Barrio de San Pedro como candidato al Programa Federal de Barrios M\u00e1gicos, una vez publicada la convocatoria correspondiente.<br \/>\nArmonizaci\u00f3n legislativa del nuevo modelo de justicia en Zacatecas.<\/p>\n<p>En otro orden de ideas, Renata \u00c1vila, present\u00f3 ante la LXV Legislatura una iniciativa m\u00e1s para derogar facultades del Congreso local en la designaci\u00f3n de magistraturas, con el objetivo de consolidar el proceso de armonizaci\u00f3n legislativa y asegurar la plena vigencia del nuevo modelo de justicia en Zacatecas.<\/p>\n<p>La propuesta consiste en derogar la fracci\u00f3n I del art\u00edculo 24, as\u00ed como las fracciones VII, VIII y IX del art\u00edculo 176 de la Ley Org\u00e1nica del Poder Legislativo del Estado, disposiciones que hasta ahora permit\u00edan al Congreso local intervenir directamente en el nombramiento de magistradas y magistrados del Tribunal Superior de Justicia, del Tribunal de Justicia Laboral Burocr\u00e1tica y del Tribunal de Justicia Administrativa.<\/p>\n<p>\u201cLa armonizaci\u00f3n legislativa no es una opci\u00f3n, es una obligaci\u00f3n constitucional. No podemos permitir que normas secundarias contradigan lo establecido en nuestra Carta Magna ni en la Constituci\u00f3n del Estado\u201d, sostuvo la legisladora.<\/p>\n","protected":false},"excerpt":{"rendered":"<p>La diputada Renata Libertad \u00c1vila Valadez, del Partido del Trabajo (PT), present\u00f3 una iniciativa con proyecto de decreto para declarar al Barrio de San Pedro como<span class=\"excerpt-hellip\"> [\u2026]<\/span><\/p>\n","protected":false},"author":2,"featured_media":9350,"comment_status":"open","ping_status":"open","sticky":false,"template":"","format":"standard","meta":{"footnotes":""},"categories":[8],"tags":[],"class_list":["post-9349","post","type-post","status-publish","format-standard","has-post-thumbnail","hentry","category-politica"],"_links":{"self":[{"href":"https:\/\/sientetupasion.com\/index.php\/wp-json\/wp\/v2\/posts\/9349","targetHints":{"allow":["GET"]}}],"collection":[{"href":"https:\/\/sientetupasion.com\/index.php\/wp-json\/wp\/v2\/posts"}],"about":[{"href":"https:\/\/sientetupasion.com\/index.php\/wp-json\/wp\/v2\/types\/post"}],"author":[{"embeddable":true,"href":"https:\/\/sientetupasion.com\/index.php\/wp-json\/wp\/v2\/users\/2"}],"replies":[{"embeddable":true,"href":"https:\/\/sientetupasion.com\/index.php\/wp-json\/wp\/v2\/comments?post=9349"}],"version-history":[{"count":1,"href":"https:\/\/sientetupasion.com\/index.php\/wp-json\/wp\/v2\/posts\/9349\/revisions"}],"predecessor-version":[{"id":9351,"href":"https:\/\/sientetupasion.com\/index.php\/wp-json\/wp\/v2\/posts\/9349\/revisions\/9351"}],"wp:featuredmedia":[{"embeddable":true,"href":"https:\/\/sientetupasion.com\/index.php\/wp-json\/wp\/v2\/media\/9350"}],"wp:attachment":[{"href":"https:\/\/sientetupasion.com\/index.php\/wp-json\/wp\/v2\/media?parent=9349"}],"wp:term":[{"taxonomy":"category","embeddable":true,"href":"https:\/\/sientetupasion.com\/index.php\/wp-json\/wp\/v2\/categories?post=9349"},{"taxonomy":"post_tag","embeddable":true,"href":"https:\/\/sientetupasion.com\/index.php\/wp-json\/wp\/v2\/tags?post=9349"}],"curies":[{"name":"wp","href":"https:\/\/api.w.org\/{rel}","templated":true}]}}