{"id":9142,"date":"2025-04-17T21:12:37","date_gmt":"2025-04-18T03:12:37","guid":{"rendered":"https:\/\/sientetupasion.com\/?p=9142"},"modified":"2025-04-17T21:12:37","modified_gmt":"2025-04-18T03:12:37","slug":"ulises-mejia-haro-se-reune-con-el-magisterio-del-sur-de-zacatecas","status":"publish","type":"post","link":"https:\/\/sientetupasion.com\/index.php\/2025\/04\/17\/ulises-mejia-haro-se-reune-con-el-magisterio-del-sur-de-zacatecas\/","title":{"rendered":"ULISES MEJ\u00cdA HARO SE RE\u00daNE CON EL MAGISTERIO DEL SUR DE ZACATECAS"},"content":{"rendered":"<p>El diputado federal Ulises Mej\u00eda Haro sostuvo una reuni\u00f3n con maestras, maestros, jubiladas, jubilados y trabajadores del sector educativo del sur de Zacatecas, donde reconoci\u00f3 su entrega, vocaci\u00f3n y el papel fundamental que desempe\u00f1an en la transformaci\u00f3n del pa\u00eds a trav\u00e9s de la educaci\u00f3n.<\/p>\n<p>Durante el encuentro, Mej\u00eda Haro se\u00f1al\u00f3 que estas asambleas permiten retroalimentar el trabajo legislativo con base en las experiencias del magisterio, con el objetivo de consolidar un sistema educativo m\u00e1s justo, incluyente y eficiente.<\/p>\n<p>\u201cEscuchar al magisterio nos ayuda a generar iniciativas de reforma con enfoque de derechos humanos, visi\u00f3n humanista y participaci\u00f3n social, alejadas del modelo tradicional que ve\u00eda la educaci\u00f3n como un simple proceso productivo. Hoy apostamos por una educaci\u00f3n con justicia social\u201d, afirm\u00f3.<\/p>\n<p>El legislador zacatecano respald\u00f3 el anuncio realizado por la presidenta Claudia Sheinbaum Pardo, quien present\u00f3 el Plan Integral del Sistema Nacional de Bachillerato de la Nueva Escuela Mexicana, con el objetivo de fortalecer la educaci\u00f3n media superior y garantizar el acceso de las y los j\u00f3venes a este derecho fundamental.<\/p>\n<p>Entre los principales puntos del Plan destacan:<br \/>\n\t\u2022\tLa creaci\u00f3n de 200 mil nuevos espacios en preparatorias, iniciando en 2025 con 40 mil.<br \/>\n\t\u2022\tLa implementaci\u00f3n, por primera vez en este nivel, del programa La Escuela es Nuestra, con una inversi\u00f3n de 4,600 millones de pesos para mejorar 6,200 planteles.<br \/>\n\t\u2022\tLa unificaci\u00f3n de los 31 sistemas de educaci\u00f3n media superior en dos: Bachillerato Nacional General y Bachillerato General Tecnol\u00f3gico, con validez nacional.<br \/>\n\t\u2022\tLa mejora de condiciones laborales para las y los docentes, y el fortalecimiento del bachillerato a distancia.<br \/>\n\t\u2022\tEl objetivo de alcanzar una cobertura del 85% en educaci\u00f3n media superior para el 2030.<br \/>\n\t\u2022\tLa integraci\u00f3n plena del bachillerato con los niveles de educaci\u00f3n b\u00e1sica y superior, mediante una visi\u00f3n com\u00fan y certificados v\u00e1lidos a nivel nacional.<\/p>\n<p>Ulises Mej\u00eda Haro reiter\u00f3 su compromiso con la defensa de la educaci\u00f3n p\u00fablica y el fortalecimiento del sistema educativo nacional desde el Congreso de la Uni\u00f3n.<\/p>\n<p>\u201cVamos a seguir legislando con y para las y los maestros, porque el futuro de Zacatecas y de M\u00e9xico se construye en las aulas. La transformaci\u00f3n educativa es una realidad y cuenta con todo nuestro respaldo\u201d, concluy\u00f3.<\/p>\n","protected":false},"excerpt":{"rendered":"<p>El diputado federal Ulises Mej\u00eda Haro sostuvo una reuni\u00f3n con maestras, maestros, jubiladas, jubilados y trabajadores del sector educativo del sur de Zacatecas, donde reconoci\u00f3 su<span class=\"excerpt-hellip\"> [\u2026]<\/span><\/p>\n","protected":false},"author":2,"featured_media":0,"comment_status":"open","ping_status":"open","sticky":false,"template":"","format":"standard","meta":{"footnotes":""},"categories":[8],"tags":[],"class_list":["post-9142","post","type-post","status-publish","format-standard","hentry","category-politica"],"_links":{"self":[{"href":"https:\/\/sientetupasion.com\/index.php\/wp-json\/wp\/v2\/posts\/9142","targetHints":{"allow":["GET"]}}],"collection":[{"href":"https:\/\/sientetupasion.com\/index.php\/wp-json\/wp\/v2\/posts"}],"about":[{"href":"https:\/\/sientetupasion.com\/index.php\/wp-json\/wp\/v2\/types\/post"}],"author":[{"embeddable":true,"href":"https:\/\/sientetupasion.com\/index.php\/wp-json\/wp\/v2\/users\/2"}],"replies":[{"embeddable":true,"href":"https:\/\/sientetupasion.com\/index.php\/wp-json\/wp\/v2\/comments?post=9142"}],"version-history":[{"count":1,"href":"https:\/\/sientetupasion.com\/index.php\/wp-json\/wp\/v2\/posts\/9142\/revisions"}],"predecessor-version":[{"id":9143,"href":"https:\/\/sientetupasion.com\/index.php\/wp-json\/wp\/v2\/posts\/9142\/revisions\/9143"}],"wp:attachment":[{"href":"https:\/\/sientetupasion.com\/index.php\/wp-json\/wp\/v2\/media?parent=9142"}],"wp:term":[{"taxonomy":"category","embeddable":true,"href":"https:\/\/sientetupasion.com\/index.php\/wp-json\/wp\/v2\/categories?post=9142"},{"taxonomy":"post_tag","embeddable":true,"href":"https:\/\/sientetupasion.com\/index.php\/wp-json\/wp\/v2\/tags?post=9142"}],"curies":[{"name":"wp","href":"https:\/\/api.w.org\/{rel}","templated":true}]}}