{"id":9076,"date":"2025-04-15T09:16:24","date_gmt":"2025-04-15T15:16:24","guid":{"rendered":"https:\/\/sientetupasion.com\/?p=9076"},"modified":"2025-04-15T09:16:24","modified_gmt":"2025-04-15T15:16:24","slug":"deja-14-conferencia-nacional-de-procuradores-y-procuradoras-de-proteccion-de-nna-compromisos-por-la-ninez-mexicana","status":"publish","type":"post","link":"https:\/\/sientetupasion.com\/index.php\/2025\/04\/15\/deja-14-conferencia-nacional-de-procuradores-y-procuradoras-de-proteccion-de-nna-compromisos-por-la-ninez-mexicana\/","title":{"rendered":"Deja 14 Conferencia Nacional de Procuradores y Procuradoras de Protecci\u00f3n de NNA compromisos por la ni\u00f1ez mexicana"},"content":{"rendered":"<p>\u25aa\ufe0fComo resultado de los trabajos, se acord\u00f3 una agenda nacional de seguimiento, que tendr\u00e1 continuidad en la pr\u00f3xima conferencia, a celebrarse en Guanajuato, en octubre de este a\u00f1o<\/p>\n<p>Zacatecas, Zac., 14 de abril 2025.- Garantizar los derechos de ni\u00f1as, ni\u00f1os y adolescentes (NNA), as\u00ed como la puntual atenci\u00f3n a casos de violencia intrafamiliar y abuso sexual infantil, son algunos de los acuerdos emanados de la 14 Conferencia Nacional de Procuradores y Procuradoras de Protecci\u00f3n de Ni\u00f1as, Ni\u00f1os y Adolescentes (NNA), celebrada en la ciudad de Zacatecas.<\/p>\n<p>En un hecho relevante para la protecci\u00f3n integral de la ni\u00f1ez y adolescencia en M\u00e9xico, por ser la primera Conferencia realizada durante la administraci\u00f3n de la Presidenta Claudia Sheinbaum Pardo, el Procurador de Protecci\u00f3n de Ni\u00f1as, Ni\u00f1os, Adolescentes y Familia del Sistema Estatal para el Desarrollo Integral de la Familia (SEDIF), \u00c1lvaro Garc\u00eda Hern\u00e1ndez, destac\u00f3 que esta actividad representa un nuevo impulso a las pol\u00edticas p\u00fablicas de atenci\u00f3n y protecci\u00f3n para ni\u00f1as, ni\u00f1os y adolescentes en todo el pa\u00eds.<\/p>\n<p>El funcionario inform\u00f3 que, durante el encuentro, se present\u00f3 una importante iniciativa para promover los cauces legales e institucionales que permitan la realizaci\u00f3n de una nueva Convenci\u00f3n de los Derechos de las Ni\u00f1as, Ni\u00f1os y Adolescentes, con el objetivo de mantener vigente un marco normativo internacional que sirva como gu\u00eda para la resoluci\u00f3n de problem\u00e1ticas en los estados y municipios.<\/p>\n<p>\u201cNecesitamos fortalecer y actualizar este marco legal, que respalde las decisiones y acciones de protecci\u00f3n de derechos, con enfoque territorial\u201d, se\u00f1al\u00f3 el procurador \u00c1lvaro Garc\u00eda Hern\u00e1ndez.<\/p>\n<p>La reuni\u00f3n cont\u00f3 con la participaci\u00f3n de los 32 procuradores y procuradoras estatales, as\u00ed como de la titular del Sistema Nacional DIF, Mar\u00eda del Roc\u00edo Garc\u00eda P\u00e9rez; la Procuradora Federal de Protecci\u00f3n de NNA, Fabiola Mar\u00eda Salas Ambriz, y la Presidenta Honor\u00edfica del SEDIF, Sara Hern\u00e1ndez de Monreal. <\/p>\n<p>En este espacio se abordaron temas prioritarios como la violencia familiar, el abuso sexual infantil y la urgencia de establecer mecanismos m\u00e1s efectivos para garantizar los derechos fundamentales de la ni\u00f1ez mexicana.<\/p>\n<p>Como resultado de los trabajos, se acord\u00f3 una agenda nacional de seguimiento, que tendr\u00e1 continuidad en la pr\u00f3xima conferencia, a celebrarse en Guanajuato, en octubre de este a\u00f1o. <\/p>\n<p>Este nuevo encuentro permitir\u00e1 evaluar avances y establecer nuevas estrategias, con base en los acuerdos construidos desde la perspectiva y participaci\u00f3n activa de ni\u00f1as, ni\u00f1os y adolescentes.<\/p>\n<p>\u201cEs un trabajo permanente que debe superar metas, y el compromiso es dar seguimiento real a lo que ya se ha avanzado, con una visi\u00f3n cada vez m\u00e1s cercana a la realidad de la ni\u00f1ez en cada rinc\u00f3n del pa\u00eds\u201d, concluy\u00f3 Garc\u00eda Hern\u00e1ndez.<\/p>\n<p>\u2014ooOoo\u2014<\/p>\n","protected":false},"excerpt":{"rendered":"<p>\u25aa\ufe0fComo resultado de los trabajos, se acord\u00f3 una agenda nacional de seguimiento, que tendr\u00e1 continuidad en la pr\u00f3xima conferencia, a celebrarse en Guanajuato, en octubre de<span class=\"excerpt-hellip\"> [\u2026]<\/span><\/p>\n","protected":false},"author":2,"featured_media":9077,"comment_status":"open","ping_status":"open","sticky":false,"template":"","format":"standard","meta":{"footnotes":""},"categories":[16],"tags":[],"class_list":["post-9076","post","type-post","status-publish","format-standard","has-post-thumbnail","hentry","category-zacatecas"],"_links":{"self":[{"href":"https:\/\/sientetupasion.com\/index.php\/wp-json\/wp\/v2\/posts\/9076","targetHints":{"allow":["GET"]}}],"collection":[{"href":"https:\/\/sientetupasion.com\/index.php\/wp-json\/wp\/v2\/posts"}],"about":[{"href":"https:\/\/sientetupasion.com\/index.php\/wp-json\/wp\/v2\/types\/post"}],"author":[{"embeddable":true,"href":"https:\/\/sientetupasion.com\/index.php\/wp-json\/wp\/v2\/users\/2"}],"replies":[{"embeddable":true,"href":"https:\/\/sientetupasion.com\/index.php\/wp-json\/wp\/v2\/comments?post=9076"}],"version-history":[{"count":1,"href":"https:\/\/sientetupasion.com\/index.php\/wp-json\/wp\/v2\/posts\/9076\/revisions"}],"predecessor-version":[{"id":9078,"href":"https:\/\/sientetupasion.com\/index.php\/wp-json\/wp\/v2\/posts\/9076\/revisions\/9078"}],"wp:featuredmedia":[{"embeddable":true,"href":"https:\/\/sientetupasion.com\/index.php\/wp-json\/wp\/v2\/media\/9077"}],"wp:attachment":[{"href":"https:\/\/sientetupasion.com\/index.php\/wp-json\/wp\/v2\/media?parent=9076"}],"wp:term":[{"taxonomy":"category","embeddable":true,"href":"https:\/\/sientetupasion.com\/index.php\/wp-json\/wp\/v2\/categories?post=9076"},{"taxonomy":"post_tag","embeddable":true,"href":"https:\/\/sientetupasion.com\/index.php\/wp-json\/wp\/v2\/tags?post=9076"}],"curies":[{"name":"wp","href":"https:\/\/api.w.org\/{rel}","templated":true}]}}