{"id":8978,"date":"2025-04-12T08:33:17","date_gmt":"2025-04-12T14:33:17","guid":{"rendered":"https:\/\/sientetupasion.com\/?p=8978"},"modified":"2025-04-12T08:33:17","modified_gmt":"2025-04-12T14:33:17","slug":"inauguran-la-trenza-exposicion-fotografica-de-malena-diaz-en-el-fcz-2025","status":"publish","type":"post","link":"https:\/\/sientetupasion.com\/index.php\/2025\/04\/12\/inauguran-la-trenza-exposicion-fotografica-de-malena-diaz-en-el-fcz-2025\/","title":{"rendered":"Inauguran \u201cLa Trenza\u201d, exposici\u00f3n fotogr\u00e1fica de Malena D\u00edaz, en el FCZ 2025"},"content":{"rendered":"<p>\u25aa\ufe0fEn la Fototeca de Zacatecas \u201cPedro Valtierra\u201d<br \/>\n\u25aa\ufe0fUna exposici\u00f3n profundamente po\u00e9tica y evocadora, que rinde homenaje a la madre y abuela de la autora, as\u00ed como a los campesinos, guardianes de la tierra<\/p>\n<p>Zacatecas, Zac., 11 de abril de 2025.- Un viaje on\u00edrico entre milpas, memorias y luz es la exposici\u00f3n fotogr\u00e1fica \u201cLa Trenza\u201d, de Malena D\u00edaz, que fue inaugurada la tarde de hoy en la Fototeca de Zacatecas \u201cPedro Valtierra\u201d por la Directora del Instituto Zacatecano de Cultura (IZC) \u201cRam\u00f3n L\u00f3pez Velarde\u201d, Mar\u00eda de Jes\u00fas Mu\u00f1oz Reyes, como parte del programa de exposiciones del Festival Cultural del Bienestar en Zacatecas 2025.<\/p>\n<p>Una exposici\u00f3n profundamente po\u00e9tica y evocadora, que rinde homenaje a la madre y abuela de la autora, as\u00ed como a los campesinos, guardianes de la tierra; \u201cLa Trenza\u201d est\u00e1 construida a partir de elementos que entrelazan la memoria \u00edntima con los saberes ancestrales de Mesoam\u00e9rica, en una narrativa visual que gira en torno al ma\u00edz y su cosmogon\u00eda.<\/p>\n<p>D\u00edaz, presente en la apertura de la muestra, explora en su exposici\u00f3n la relaci\u00f3n espiritual y vital que mantiene con los campos de milpa, donde el ma\u00edz, m\u00e1s que un cultivo, es un s\u00edmbolo de resistencia, comunidad y memoria.<\/p>\n<p>Mientras que la met\u00e1fora de la trenza da nombre a esta serie de piezas, en las que las historias, los ciclos lunares, los rituales y las semillas se entrelazan como hebras de un tejido que atraviesa generaciones.<\/p>\n<p>\u201cLa Trenza\u201d, en cuya inauguraci\u00f3n tambi\u00e9n estuvieron la Directora de la Fototeca, Karina Garc\u00eda y Uriel M\u00e1rquez Romo, director del Sistema Estatal de Museos, es un espacio donde la memoria se vuelve imagen y el arte se convierte en semilla. <\/p>\n<p>Una invitaci\u00f3n a mirar, recordar y agradecer, y en la que Malena D\u00edaz nos recuerda que en cada grano de ma\u00edz habita una historia, y en cada trenza, una herencia que sigue viva.<\/p>\n<p>\u2014ooOoo\u2014<\/p>\n","protected":false},"excerpt":{"rendered":"<p>\u25aa\ufe0fEn la Fototeca de Zacatecas \u201cPedro Valtierra\u201d \u25aa\ufe0fUna exposici\u00f3n profundamente po\u00e9tica y evocadora, que rinde homenaje a la madre y abuela de la autora, as\u00ed como<span class=\"excerpt-hellip\"> [\u2026]<\/span><\/p>\n","protected":false},"author":2,"featured_media":8979,"comment_status":"open","ping_status":"open","sticky":false,"template":"","format":"standard","meta":{"footnotes":""},"categories":[16],"tags":[],"class_list":["post-8978","post","type-post","status-publish","format-standard","has-post-thumbnail","hentry","category-zacatecas"],"_links":{"self":[{"href":"https:\/\/sientetupasion.com\/index.php\/wp-json\/wp\/v2\/posts\/8978","targetHints":{"allow":["GET"]}}],"collection":[{"href":"https:\/\/sientetupasion.com\/index.php\/wp-json\/wp\/v2\/posts"}],"about":[{"href":"https:\/\/sientetupasion.com\/index.php\/wp-json\/wp\/v2\/types\/post"}],"author":[{"embeddable":true,"href":"https:\/\/sientetupasion.com\/index.php\/wp-json\/wp\/v2\/users\/2"}],"replies":[{"embeddable":true,"href":"https:\/\/sientetupasion.com\/index.php\/wp-json\/wp\/v2\/comments?post=8978"}],"version-history":[{"count":1,"href":"https:\/\/sientetupasion.com\/index.php\/wp-json\/wp\/v2\/posts\/8978\/revisions"}],"predecessor-version":[{"id":8980,"href":"https:\/\/sientetupasion.com\/index.php\/wp-json\/wp\/v2\/posts\/8978\/revisions\/8980"}],"wp:featuredmedia":[{"embeddable":true,"href":"https:\/\/sientetupasion.com\/index.php\/wp-json\/wp\/v2\/media\/8979"}],"wp:attachment":[{"href":"https:\/\/sientetupasion.com\/index.php\/wp-json\/wp\/v2\/media?parent=8978"}],"wp:term":[{"taxonomy":"category","embeddable":true,"href":"https:\/\/sientetupasion.com\/index.php\/wp-json\/wp\/v2\/categories?post=8978"},{"taxonomy":"post_tag","embeddable":true,"href":"https:\/\/sientetupasion.com\/index.php\/wp-json\/wp\/v2\/tags?post=8978"}],"curies":[{"name":"wp","href":"https:\/\/api.w.org\/{rel}","templated":true}]}}