{"id":8942,"date":"2025-04-12T08:15:52","date_gmt":"2025-04-12T14:15:52","guid":{"rendered":"https:\/\/sientetupasion.com\/?p=8942"},"modified":"2025-04-12T08:15:52","modified_gmt":"2025-04-12T14:15:52","slug":"se-suman-nuevos-liderazgos-a-la-vanguardia-juvenil-agrarista-en-zacatecas","status":"publish","type":"post","link":"https:\/\/sientetupasion.com\/index.php\/2025\/04\/12\/se-suman-nuevos-liderazgos-a-la-vanguardia-juvenil-agrarista-en-zacatecas\/","title":{"rendered":"SE SUMAN NUEVOS LIDERAZGOS A LA VANGUARDIA JUVENIL AGRARISTA EN ZACATECAS"},"content":{"rendered":"<p>\u2022 *Toman protesta los dirigentes municipales de Guadalupe, Juan Aldama, Miguel Auza, Monte Escobedo, R\u00edo Grande, P\u00e1nuco, Pinos y Zacatecas.*<\/p>\n<p>En el marco de la conmemoraci\u00f3n del 56 aniversario de la Vanguardia Juvenil Agrarista (VJA), el l\u00edder nacional de esta organizaci\u00f3n, Arturo Ch\u00e1vez, con el respaldo del Presidente del Comit\u00e9 Directivo Estatal (CDE) del PRI, Carlos Pe\u00f1a Badillo, tom\u00f3 protesta a los dirigentes de la VJA en los municipios de Guadalupe, Juan Aldama, Miguel Auza, Monte Escobedo, R\u00edo Grande, P\u00e1nuco, Pinos y Zacatecas.<\/p>\n<p>Luego de tomar las respectivas protestas, Arturo Ch\u00e1vez, asegur\u00f3 que las y los j\u00f3venes vanguardistas forman parte de una nueva generaci\u00f3n que ser\u00e1 parte de un semillero de buenos pol\u00edticos y funcionarios p\u00fablicos, que trabajar\u00e1n con responsabilidad y compromiso por Zacatecas.<\/p>\n<p>Por ello, pidi\u00f3 a los nuevos dirigentes dejar la simulaci\u00f3n de lado, hacer buena pol\u00edtica y reforzar el trabajo territorial, llevar lo positivo del partido a todo el Estado y cuestionar los errores del gobierno federal y estatal. <\/p>\n<p>Por su parte, el Presidente del CDE del PRI, Carlos Pe\u00f1a Badillo, dijo estar convencido que la Vanguardia Juvenil Agrarista en Zacatecas tiene una dirigencia comprometida en hacer partido y traer nuevos j\u00f3venes que buscan y anhelan un cambio. <\/p>\n<p>Pe\u00f1a Badillo convoc\u00f3 a las y los j\u00f3venes vanguardistas a sumar sus fuerzas, ideas y energ\u00eda para fortalecer al partido rumbo al 2027. Asimismo, los exhort\u00f3 a trabajar desde el territorio y regresar al origen y a las bases, encabezando siempre las causas ciudadanas.<\/p>\n<p>Finalmente, reconoci\u00f3 el trabajo de las y los integrantes de la Vanguardia Juvenil Agrarista y mostr\u00f3 el respaldo y apoyo de la dirigencia estatal para impulsar esta importante organizaci\u00f3n del partido. <\/p>\n<p>Al dar la bienvenida, el Delegado General del CEN, Jos\u00e9 Marco Antonio Olvera Acevedo, destac\u00f3 que la incorporaci\u00f3n de nuevos liderazgos de la Vanguardia Juvenil Agrarista ser\u00e1 parte fundamental para consolidar el trabajo de partido que viene realizando esta organizaci\u00f3n que encabeza Cristhian Herrera, un joven comprometido con su partido.<\/p>\n<p>Olvera Acevedo destac\u00f3 la importancia de sumar a las y los j\u00f3venes, porque son ellos, dijo, ejemplo de fuerza, unidad y compromiso, quienes tienen en sus manos el futuro y presente de M\u00e9xico y Zacatecas.<\/p>\n<p>En su momento, el dirigente de la VJA en Zacatecas, Christian Herrera enfatiz\u00f3 que la organizaci\u00f3n trabaja con lealtad, suma y construye un partido fuerte, s\u00f3lido y competitivo. <\/p>\n<p>Mencion\u00f3 que a pesar de que actualmente es dif\u00edcil que los j\u00f3venes se involucren en la pol\u00edtica, la VJA trabaja para ganar la confianza de las y los j\u00f3venes que quieren sumar y construir un mejor Zacatecas.<\/p>\n<p>Luego de reconocer los graves problemas por los que atraviesa el Estado ante la falta de sensibilidad del Gobierno Estatal, asegur\u00f3 que ahora corresponde a los j\u00f3venes trabajar unidos para rescatar al Estado.<\/p>\n<p>Durante su gira de trabajo por Zacatecas, el l\u00edder nacional de la Vanguardia Juvenil Agrarista, Arturo Ch\u00e1vez, tambi\u00e9n inaugur\u00f3 las oficinas de esta organizaci\u00f3n en el Comit\u00e9 Directivo Estatal.<\/p>\n<p>Asimismo, el l\u00edder estatal de la VJA, Christian Herrera, entreg\u00f3 a los dirigentes priistas la meta de afiliaci\u00f3n de la organizaci\u00f3n. <\/p>\n<p>&#8212;000&#8212;<\/p>\n","protected":false},"excerpt":{"rendered":"<p>\u2022 *Toman protesta los dirigentes municipales de Guadalupe, Juan Aldama, Miguel Auza, Monte Escobedo, R\u00edo Grande, P\u00e1nuco, Pinos y Zacatecas.* En el marco de la conmemoraci\u00f3n<span class=\"excerpt-hellip\"> [\u2026]<\/span><\/p>\n","protected":false},"author":2,"featured_media":8943,"comment_status":"open","ping_status":"open","sticky":false,"template":"","format":"standard","meta":{"footnotes":""},"categories":[8],"tags":[],"class_list":["post-8942","post","type-post","status-publish","format-standard","has-post-thumbnail","hentry","category-politica"],"_links":{"self":[{"href":"https:\/\/sientetupasion.com\/index.php\/wp-json\/wp\/v2\/posts\/8942","targetHints":{"allow":["GET"]}}],"collection":[{"href":"https:\/\/sientetupasion.com\/index.php\/wp-json\/wp\/v2\/posts"}],"about":[{"href":"https:\/\/sientetupasion.com\/index.php\/wp-json\/wp\/v2\/types\/post"}],"author":[{"embeddable":true,"href":"https:\/\/sientetupasion.com\/index.php\/wp-json\/wp\/v2\/users\/2"}],"replies":[{"embeddable":true,"href":"https:\/\/sientetupasion.com\/index.php\/wp-json\/wp\/v2\/comments?post=8942"}],"version-history":[{"count":1,"href":"https:\/\/sientetupasion.com\/index.php\/wp-json\/wp\/v2\/posts\/8942\/revisions"}],"predecessor-version":[{"id":8944,"href":"https:\/\/sientetupasion.com\/index.php\/wp-json\/wp\/v2\/posts\/8942\/revisions\/8944"}],"wp:featuredmedia":[{"embeddable":true,"href":"https:\/\/sientetupasion.com\/index.php\/wp-json\/wp\/v2\/media\/8943"}],"wp:attachment":[{"href":"https:\/\/sientetupasion.com\/index.php\/wp-json\/wp\/v2\/media?parent=8942"}],"wp:term":[{"taxonomy":"category","embeddable":true,"href":"https:\/\/sientetupasion.com\/index.php\/wp-json\/wp\/v2\/categories?post=8942"},{"taxonomy":"post_tag","embeddable":true,"href":"https:\/\/sientetupasion.com\/index.php\/wp-json\/wp\/v2\/tags?post=8942"}],"curies":[{"name":"wp","href":"https:\/\/api.w.org\/{rel}","templated":true}]}}