{"id":8808,"date":"2025-04-10T08:50:54","date_gmt":"2025-04-10T14:50:54","guid":{"rendered":"https:\/\/sientetupasion.com\/?p=8808"},"modified":"2025-04-10T08:50:54","modified_gmt":"2025-04-10T14:50:54","slug":"senado-de-la-republica-se-ilumina-con-motivo-del-dia-mundial-de-la-salud","status":"publish","type":"post","link":"https:\/\/sientetupasion.com\/index.php\/2025\/04\/10\/senado-de-la-republica-se-ilumina-con-motivo-del-dia-mundial-de-la-salud\/","title":{"rendered":"Senado de la Rep\u00fablica se ilumina con motivo del D\u00eda Mundial de la Salud"},"content":{"rendered":"<p>Se busca hacer conciencia sobre la importancia de la prevenci\u00f3n, la equidad y la atenci\u00f3n m\u00e9dica, Jos\u00e9 Manuel Cruz.<br \/>\nEl Senado de la Rep\u00fablica fue iluminado de color azul con motivo del D\u00eda Mundial de la Salud, que se conmemora el 7 de abril de cada a\u00f1o, para concientizar a la poblaci\u00f3n sobre la importancia del cuidado de la salud p\u00fablica.<\/p>\n<p>El presidente de la Comisi\u00f3n de Salud, Jos\u00e9 Manuel Cruz Castellanos expres\u00f3 que con este encendido de luces se busca hacer conciencia sobre la importancia de la prevenci\u00f3n, la equidad y la atenci\u00f3n m\u00e9dica, \u201cporque M\u00e9xico todav\u00eda tiene que estar luchando por las enfermedades propias de la pobreza\u201d.<\/p>\n<p>Subray\u00f3 que la salud es la base de la sociedad, de la econom\u00eda y del futuro, por ello no podemos permitir que la falta de acceso a la salud marque el destino de millones de mexicanos.<\/p>\n<p>Puntualiz\u00f3 que desde el Senado de la Rep\u00fablica se tiene claro que la responsabilidad es actuar con visi\u00f3n, compromiso y valent\u00eda, porque cuando protegemos la salud, no solo salvamos vidas, sino sue\u00f1os, familias y el futuro de M\u00e9xico. <\/p>\n<p>La secretaria de la Comisi\u00f3n, Maki Esther Ortiz Dom\u00ednguez, advirti\u00f3 que en el pa\u00eds s\u00f3lo se destina el tres por ciento del Producto Interno Bruto a la salud, y que se deber\u00eda de invertir por lo menos el seis por ciento, para tener mejores oportunidades en esta materia. Vamos en ese camino, porque con nuestra presidenta Claudia Sheinbaum Pardo, que tiene tanto inter\u00e9s en que avancemos en esta \u00e1rea y con los legisladores, lucharemos para que eso se concrete.  <\/p>\n<p>En tanto, Emmanuel Reyes Carmona, de Morena, consider\u00f3 que es fundamental atender oportunamente la obesidad, as\u00ed como garantizar h\u00e1bitos saludables a favor de las y los mexicanos. <\/p>\n<p>De Morena, Karina Isabel Ruiz Ruiz, dijo que los mexicanos que radican en el exterior deben buscar ayuda en materia de salud en los 53 consulados que hay en Estados Unidos. Record\u00f3 que hay trabajadores temporales en la Uni\u00f3n Americana a quienes se les atiende alguna lesi\u00f3n en el \u00e1mbito laboral, pero si padecen diabetes, colesterol alto u otra enfermedad cr\u00f3nica no lo cubre el empleador, por lo que propuso celebrar convenios para subsanar esta situaci\u00f3n. <\/p>\n<p>Fernando del Moral, director de asuntos corporativo de Novo Nordisk, consider\u00f3 que, con las leyes como el etiquetado frontal, la prohibici\u00f3n de la comida chatarra en las escuelas y la mercadotecnia dirigida a ni\u00f1os, probablemente se celebrar\u00e1 un logro en 10 o 15 a\u00f1os, cuando veamos a adultos j\u00f3venes, que hoy son ni\u00f1os, con una salud \u00f3ptima, sin enfermedades como obesidad o comorbilidades.<\/p>\n","protected":false},"excerpt":{"rendered":"<p>Se busca hacer conciencia sobre la importancia de la prevenci\u00f3n, la equidad y la atenci\u00f3n m\u00e9dica, Jos\u00e9 Manuel Cruz. El Senado de la Rep\u00fablica fue iluminado<span class=\"excerpt-hellip\"> [\u2026]<\/span><\/p>\n","protected":false},"author":2,"featured_media":8809,"comment_status":"open","ping_status":"open","sticky":false,"template":"","format":"standard","meta":{"footnotes":""},"categories":[8],"tags":[],"class_list":["post-8808","post","type-post","status-publish","format-standard","has-post-thumbnail","hentry","category-politica"],"_links":{"self":[{"href":"https:\/\/sientetupasion.com\/index.php\/wp-json\/wp\/v2\/posts\/8808","targetHints":{"allow":["GET"]}}],"collection":[{"href":"https:\/\/sientetupasion.com\/index.php\/wp-json\/wp\/v2\/posts"}],"about":[{"href":"https:\/\/sientetupasion.com\/index.php\/wp-json\/wp\/v2\/types\/post"}],"author":[{"embeddable":true,"href":"https:\/\/sientetupasion.com\/index.php\/wp-json\/wp\/v2\/users\/2"}],"replies":[{"embeddable":true,"href":"https:\/\/sientetupasion.com\/index.php\/wp-json\/wp\/v2\/comments?post=8808"}],"version-history":[{"count":1,"href":"https:\/\/sientetupasion.com\/index.php\/wp-json\/wp\/v2\/posts\/8808\/revisions"}],"predecessor-version":[{"id":8810,"href":"https:\/\/sientetupasion.com\/index.php\/wp-json\/wp\/v2\/posts\/8808\/revisions\/8810"}],"wp:featuredmedia":[{"embeddable":true,"href":"https:\/\/sientetupasion.com\/index.php\/wp-json\/wp\/v2\/media\/8809"}],"wp:attachment":[{"href":"https:\/\/sientetupasion.com\/index.php\/wp-json\/wp\/v2\/media?parent=8808"}],"wp:term":[{"taxonomy":"category","embeddable":true,"href":"https:\/\/sientetupasion.com\/index.php\/wp-json\/wp\/v2\/categories?post=8808"},{"taxonomy":"post_tag","embeddable":true,"href":"https:\/\/sientetupasion.com\/index.php\/wp-json\/wp\/v2\/tags?post=8808"}],"curies":[{"name":"wp","href":"https:\/\/api.w.org\/{rel}","templated":true}]}}