{"id":8766,"date":"2025-04-10T08:19:43","date_gmt":"2025-04-10T14:19:43","guid":{"rendered":"https:\/\/sientetupasion.com\/?p=8766"},"modified":"2025-04-10T08:19:43","modified_gmt":"2025-04-10T14:19:43","slug":"vivir-inseguros-y-respirar-miedo-significan-que-no-hay-paz-ni-bienestar-en-zacatecas-carlos-pena","status":"publish","type":"post","link":"https:\/\/sientetupasion.com\/index.php\/2025\/04\/10\/vivir-inseguros-y-respirar-miedo-significan-que-no-hay-paz-ni-bienestar-en-zacatecas-carlos-pena\/","title":{"rendered":"VIVIR INSEGUROS Y RESPIRAR MIEDO, SIGNIFICAN QUE NO HAY PAZ NI BIENESTAR EN ZACATECAS: CARLOS PE\u00d1A"},"content":{"rendered":"<p>En la tribuna de la LXV Legislatura y despu\u00e9s de reconocer el trabajo de la Fiscal\u00eda General del Estado, el diputado Carlos Pe\u00f1a Badillo, se\u00f1al\u00f3 que en materia de seguridad a\u00fan falta mucho por hacer.<\/p>\n<p>Luego de se\u00f1alar que la pol\u00edtica del anterior sexenio federal, de &#8220;Abrazos y no Balazos&#8221; hered\u00f3 el crecimiento de los grupos delincuenciales y tras reconocer que hoy la Fiscal\u00eda y los integrantes de la Mesa de Construcci\u00f3n de Paz hacen su trabajo, el Diputado local, Carlos Pe\u00f1a Badillo reconoci\u00f3 que en Zacatecas a\u00fan se respira el miedo y se vive la inseguridad y los hechos delictivos y violentos de cada d\u00eda, lo demuestran.<\/p>\n<p>Al fijar su postura ante el informe presentado por el Fiscal Cristian Paul Camacho Osnaya, Carlos Pe\u00f1a Badillo apunt\u00f3 que la crisis de inseguridad en el Estado sigue siendo alarmante y preocupante porque se siguen rebasando fronteras cuando de notas rojas se trata.<\/p>\n<p>Destac\u00f3 como inadmisible que la Marina, sin avisar a las autoridades estatales, encontrara un laboratorio clandestino en El Carrizalillo, donde se produc\u00edan metanfetaminas y Fentanilo, as\u00ed como el ataque al personal de b\u00fasqueda de personas desaparecidas junto con colectivos en Luis Moya, la vinculaci\u00f3n de Zacatecas con el reciente descubrimiento de un campo de adiestramiento en Jalisco y el incremento de j\u00f3venes reclutados porque no tienen oportunidades reales para subsistir y desarrollarse y la violencia que ejerci\u00f3 el Estado en contra de las mujeres.<\/p>\n<p>Es real cuando se dice que la crisis de inseguridad de M\u00e9xico y Zacatecas, es un asunto del pasado, llevamos a\u00f1os y sexenios enfrentando un problema que crece y que se multiplica, pero el peor momento, las peores consecuencias y los resultados m\u00e1s cuestionables se han presentado en el \u00faltimo sexenio, indic\u00f3. <\/p>\n<p>Asimismo, Pe\u00f1a Badillo reconoci\u00f3 al Fiscal y a su equipo el trabajo realizado, su entrega en el cumplimiento de su deber, su capacidad, sensibilidad, trato y contacto, pero dijo, deben sancionar a quien cometa un delito, porque es una convicci\u00f3n m\u00e1s que una obligaci\u00f3n de la instituci\u00f3n.<\/p>\n<p>Resulta una burla que con cinismo absoluto se nos avise que un pr\u00f3fugo de la justicia y exalcalde, y otra presunta responsable, nos mandan decir a las y los zacatecanos que est\u00e1n bien, que siguen en el Estado. Poco falt\u00f3 para que nos encargaran el voto por su abogado que ahora quiere ser Magistrado. Este descaro es inadmisible, puntualiz\u00f3. <\/p>\n<p>En este sentido, el Diputado priista destac\u00f3 que no se puede permitir que la sombra de impunidad o complicidad empa\u00f1e el trabajo de la Fiscal\u00eda. \u201cHay un principio inamovible en la sociedad, quien huye es culpable\u201d.<\/p>\n<p>Mencion\u00f3 que queda claro que todos debemos sumar, aportar y buscar una procuraci\u00f3n de justicia eficaz que permita alcanzar ese Zacatecas en paz, que m\u00e1s de una frase de gobierno, se convierta en una realidad para la gente.<\/p>\n<p>Finalmente, Pe\u00f1a Badillo manifest\u00f3 el respaldo y apoyo del Grupo Parlamentario del PRI para hacer equipo por la procuraci\u00f3n de justicia, para dignificar la Fiscal\u00eda y su personal, para rescatar y regresar al Zacatecas que anhelamos. <\/p>\n<p>El PRI no le apuesta a que al Estado le vaya mal, eso ser\u00eda mezquino, nos urge hacer nuestro trabajo y hacerlo bien, concluy\u00f3.<\/p>\n<p>&#8212;000&#8212;<\/p>\n","protected":false},"excerpt":{"rendered":"<p>En la tribuna de la LXV Legislatura y despu\u00e9s de reconocer el trabajo de la Fiscal\u00eda General del Estado, el diputado Carlos Pe\u00f1a Badillo, se\u00f1al\u00f3 que<span class=\"excerpt-hellip\"> [\u2026]<\/span><\/p>\n","protected":false},"author":2,"featured_media":8767,"comment_status":"open","ping_status":"open","sticky":false,"template":"","format":"standard","meta":{"footnotes":""},"categories":[8],"tags":[],"class_list":["post-8766","post","type-post","status-publish","format-standard","has-post-thumbnail","hentry","category-politica"],"_links":{"self":[{"href":"https:\/\/sientetupasion.com\/index.php\/wp-json\/wp\/v2\/posts\/8766","targetHints":{"allow":["GET"]}}],"collection":[{"href":"https:\/\/sientetupasion.com\/index.php\/wp-json\/wp\/v2\/posts"}],"about":[{"href":"https:\/\/sientetupasion.com\/index.php\/wp-json\/wp\/v2\/types\/post"}],"author":[{"embeddable":true,"href":"https:\/\/sientetupasion.com\/index.php\/wp-json\/wp\/v2\/users\/2"}],"replies":[{"embeddable":true,"href":"https:\/\/sientetupasion.com\/index.php\/wp-json\/wp\/v2\/comments?post=8766"}],"version-history":[{"count":1,"href":"https:\/\/sientetupasion.com\/index.php\/wp-json\/wp\/v2\/posts\/8766\/revisions"}],"predecessor-version":[{"id":8768,"href":"https:\/\/sientetupasion.com\/index.php\/wp-json\/wp\/v2\/posts\/8766\/revisions\/8768"}],"wp:featuredmedia":[{"embeddable":true,"href":"https:\/\/sientetupasion.com\/index.php\/wp-json\/wp\/v2\/media\/8767"}],"wp:attachment":[{"href":"https:\/\/sientetupasion.com\/index.php\/wp-json\/wp\/v2\/media?parent=8766"}],"wp:term":[{"taxonomy":"category","embeddable":true,"href":"https:\/\/sientetupasion.com\/index.php\/wp-json\/wp\/v2\/categories?post=8766"},{"taxonomy":"post_tag","embeddable":true,"href":"https:\/\/sientetupasion.com\/index.php\/wp-json\/wp\/v2\/tags?post=8766"}],"curies":[{"name":"wp","href":"https:\/\/api.w.org\/{rel}","templated":true}]}}