{"id":8668,"date":"2025-04-09T07:50:25","date_gmt":"2025-04-09T13:50:25","guid":{"rendered":"https:\/\/sientetupasion.com\/?p=8668"},"modified":"2025-04-09T07:50:25","modified_gmt":"2025-04-09T13:50:25","slug":"instala-gobierno-de-zacatecas-programa-de-accesibilidad-para-espacios-publicos","status":"publish","type":"post","link":"https:\/\/sientetupasion.com\/index.php\/2025\/04\/09\/instala-gobierno-de-zacatecas-programa-de-accesibilidad-para-espacios-publicos\/","title":{"rendered":"Instala Gobierno de Zacatecas Programa de Accesibilidad Para Espacios P\u00fablicos"},"content":{"rendered":"<p>\u25aa\ufe0f   Permitir\u00e1 impulsar acciones en materia de inclusi\u00f3n y accesibilidad para todas y todos<br \/>\n\u25aa\ufe0f   Se trata de un avance en la conformaci\u00f3n de una sociedad igualitaria e incluyente, encaminada al bienestar<\/p>\n<p>Zacatecas, Zac., 8 de abril de 2025.- A trav\u00e9s de la Secretar\u00eda de Administraci\u00f3n (SAD), el Gobierno de Zacatecas, que encabeza el mandatario estatal David Monreal \u00c1vila, como parte de sus atribuciones en la administraci\u00f3n del capital humano y bienes inmuebles, ha conformado una comisi\u00f3n de accesibilidad interna para la revisi\u00f3n de espacios p\u00fablicos gubernamentales. <\/p>\n<p>Como parte de las acciones enmarcadas en la Agenda del Bienestar, la SAD, a trav\u00e9s de esta comisi\u00f3n, busca evaluar las condiciones de los espacios p\u00fablicos, instalaciones y servicios dentro de los edificios del complejo de Ciudad Administrativa, adem\u00e1s de capacitar a personal de primer contacto en materia de inclusi\u00f3n, para que cumplan con los est\u00e1ndares de accesibilidad universal.<\/p>\n<p>Al poner en marcha, con la representaci\u00f3n del Gobernador David Monreal \u00c1vila, el Programa de Accesibilidad de Espacios P\u00fablicos, el Secretario General de Gobierno, Rodrigo Reyes Mug\u00fcerza, exhort\u00f3 a las y los trabajadores de la administraci\u00f3n estatal a fomentar una cultura de la inclusi\u00f3n e impulsar un piso parejo de oportunidades para todas y todos.<\/p>\n<p>En el acto en el que rindi\u00f3 protesta la Comisi\u00f3n de Accesibilidad, dijo que el brindar y ofrecer condiciones adecuadas de accesibilidad no se trata de un favor, sino de construir la igualdad.<\/p>\n<p>Con estas acciones, coment\u00f3, damos un paso importante en la consolidaci\u00f3n de la igualdad que el Gobernador David Monreal \u00c1vila impulsa; record\u00f3 que las y los servidores p\u00fablicos \u201cdebemos impulsarla, de manera que trascienda la Administraci\u00f3n P\u00fablica, pues, recordemos que somos nosotros, los servidores p\u00fablicos, el ant\u00f3nimo del ego\u00edsmo\u201d.<\/p>\n<p>Destac\u00f3 que este proyecto de accesibilidad, en pro de todas y todos los ciudadanos que presentan alguna discapacidad, es un avance en la conformaci\u00f3n de una sociedad igualitaria e incluyente, en donde todas y todos, sin exclusi\u00f3n alguna, \u201cconformamos el anhelado camino del bienestar\u201d.<\/p>\n<p>La Secretaria de Administraci\u00f3n, Ver\u00f3nica Yvette Hern\u00e1ndez L\u00f3pez de Lara, inform\u00f3 que este proyecto se hace con el objetivo de realizar una verificaci\u00f3n diagn\u00f3stica que permita impulsar acciones en materia de inclusi\u00f3n y accesibilidad, lo que se traduce en bienestar para las personas usuarias de los servicios que se ofrecen en Ciudad Administrativa, as\u00ed como la plantilla del personal que est\u00e1 en situaci\u00f3n de discapacidad.<\/p>\n<p>Esto incluye, dijo, la identificaci\u00f3n de barreras f\u00edsicas, sensoriales y cognitivas, la propuesta de mejoras para garantizar un entorno inclusivo, as\u00ed como un servicio de calidad y seguro para todas las personas.<\/p>\n<p>Durante del evento, realizado en el Auditorio Ernesto Ju\u00e1rez Fr\u00edas, de Ciudad Administrativa, se conform\u00f3 la Comisi\u00f3n de Accesibilidad, integrada por las coordinaciones administrativas de las dependencias e instancias estatales, as\u00ed como personal de primer contacto, en lo referente a brindar un servicio con enfoque inclusivo.<\/p>\n<p>En el evento participaron tambi\u00e9n, Jos\u00e9 Luis de la Pe\u00f1a Alonso, secretario de Obras P\u00fablicas; Miriam Garc\u00eda Zamora, titular del Instituto para la Atenci\u00f3n e Inclusi\u00f3n de las Personas con Discapacidad; Ver\u00f3nica del Carmen Olague, responsable de la Direcci\u00f3n de Movilidad y Proyectos Integrales de la Secretar\u00eda de Desarrollo Urbano, Vivienda y Ordenamiento Territorial, as\u00ed como servidoras y servidores p\u00fablicos de la administraci\u00f3n estatal.<\/p>\n<p>\u2014ooOoo\u2014<\/p>\n","protected":false},"excerpt":{"rendered":"<p>\u25aa\ufe0f Permitir\u00e1 impulsar acciones en materia de inclusi\u00f3n y accesibilidad para todas y todos \u25aa\ufe0f Se trata de un avance en la conformaci\u00f3n de una sociedad<span class=\"excerpt-hellip\"> [\u2026]<\/span><\/p>\n","protected":false},"author":2,"featured_media":8669,"comment_status":"open","ping_status":"open","sticky":false,"template":"","format":"standard","meta":{"footnotes":""},"categories":[16],"tags":[],"class_list":["post-8668","post","type-post","status-publish","format-standard","has-post-thumbnail","hentry","category-zacatecas"],"_links":{"self":[{"href":"https:\/\/sientetupasion.com\/index.php\/wp-json\/wp\/v2\/posts\/8668","targetHints":{"allow":["GET"]}}],"collection":[{"href":"https:\/\/sientetupasion.com\/index.php\/wp-json\/wp\/v2\/posts"}],"about":[{"href":"https:\/\/sientetupasion.com\/index.php\/wp-json\/wp\/v2\/types\/post"}],"author":[{"embeddable":true,"href":"https:\/\/sientetupasion.com\/index.php\/wp-json\/wp\/v2\/users\/2"}],"replies":[{"embeddable":true,"href":"https:\/\/sientetupasion.com\/index.php\/wp-json\/wp\/v2\/comments?post=8668"}],"version-history":[{"count":1,"href":"https:\/\/sientetupasion.com\/index.php\/wp-json\/wp\/v2\/posts\/8668\/revisions"}],"predecessor-version":[{"id":8670,"href":"https:\/\/sientetupasion.com\/index.php\/wp-json\/wp\/v2\/posts\/8668\/revisions\/8670"}],"wp:featuredmedia":[{"embeddable":true,"href":"https:\/\/sientetupasion.com\/index.php\/wp-json\/wp\/v2\/media\/8669"}],"wp:attachment":[{"href":"https:\/\/sientetupasion.com\/index.php\/wp-json\/wp\/v2\/media?parent=8668"}],"wp:term":[{"taxonomy":"category","embeddable":true,"href":"https:\/\/sientetupasion.com\/index.php\/wp-json\/wp\/v2\/categories?post=8668"},{"taxonomy":"post_tag","embeddable":true,"href":"https:\/\/sientetupasion.com\/index.php\/wp-json\/wp\/v2\/tags?post=8668"}],"curies":[{"name":"wp","href":"https:\/\/api.w.org\/{rel}","templated":true}]}}