{"id":8304,"date":"2025-04-01T20:33:55","date_gmt":"2025-04-02T02:33:55","guid":{"rendered":"https:\/\/sientetupasion.com\/?p=8304"},"modified":"2025-04-01T20:33:55","modified_gmt":"2025-04-02T02:33:55","slug":"respalda-ulises-mejia-haro-al-magisterio-en-la-defensa-de-la-educacion-publica","status":"publish","type":"post","link":"https:\/\/sientetupasion.com\/index.php\/2025\/04\/01\/respalda-ulises-mejia-haro-al-magisterio-en-la-defensa-de-la-educacion-publica\/","title":{"rendered":"RESPALDA ULISES MEJ\u00cdA HARO AL MAGISTERIO EN LA DEFENSA DE LA EDUCACI\u00d3N P\u00daBLICA"},"content":{"rendered":"<p>Zacatecas, Zac., a 1 de abril de 2025.\u2013 El diputado federal Ulises Mej\u00eda Haro sostuvo una reuni\u00f3n con maestras y maestros del magisterio zacatecano, a quienes reconoci\u00f3 por su compromiso hist\u00f3rico con la educaci\u00f3n p\u00fablica, as\u00ed como por su participaci\u00f3n activa en el fortalecimiento del modelo educativo en el estado.<\/p>\n<p>Durante el encuentro, al que asistieron docentes en activo de los diferentes niveles y jubilados de distintas regiones del estado, Mej\u00eda Haro expres\u00f3 su aprecio por la amistad que lo une desde hace a\u00f1os con el gremio educativo y destac\u00f3 que su labor es fundamental en toda transformaci\u00f3n social. \u201cLas y los maestros con su dedicaci\u00f3n y m\u00edstica de trabajo contribuyen a la formaci\u00f3n de generaciones, inspiran sue\u00f1os y construyen un mejor futuro para nuestra ni\u00f1ez y juventud; por ello, merecen todo nuestro respaldo y reconocimiento\u201d, afirm\u00f3.<\/p>\n<p>En un espacio de di\u00e1logo abierto y cercano, el legislador federal escuch\u00f3 diversas propuestas orientadas a mejorar las condiciones laborales del magisterio y fortalecer la calidad educativa.<\/p>\n<p>Al respecto, se\u00f1al\u00f3 que ya se trabaja en la integraci\u00f3n de dichas propuestas en iniciativas de reforma de ley que ser\u00e1n presentadas ante el Congreso de la Uni\u00f3n.<\/p>\n<p>&#8220;Junto con ustedes haremos posible que la  educaci\u00f3n sea el centro de la Transformaci\u00f3n,  como lo afirma nuestra presidenta Claudia Sheinbaum&#8221;.<\/p>\n<p>Asimismo, reiter\u00f3 su compromiso con la defensa de la educaci\u00f3n p\u00fablica y con la dignificaci\u00f3n del trabajo docente desde su responsabilidad legislativa.<\/p>\n<p>\u201cCuenten conmigo para proteger las conquistas laborales que tanto esfuerzo han costado y para avanzar en pol\u00edticas p\u00fablicas que garanticen una educaci\u00f3n de calidad, equitativa y con sentido social\u201d, concluy\u00f3.<\/p>\n","protected":false},"excerpt":{"rendered":"<p>Zacatecas, Zac., a 1 de abril de 2025.\u2013 El diputado federal Ulises Mej\u00eda Haro sostuvo una reuni\u00f3n con maestras y maestros del magisterio zacatecano, a quienes<span class=\"excerpt-hellip\"> [\u2026]<\/span><\/p>\n","protected":false},"author":2,"featured_media":8305,"comment_status":"open","ping_status":"open","sticky":false,"template":"","format":"standard","meta":{"footnotes":""},"categories":[8],"tags":[],"class_list":["post-8304","post","type-post","status-publish","format-standard","has-post-thumbnail","hentry","category-politica"],"_links":{"self":[{"href":"https:\/\/sientetupasion.com\/index.php\/wp-json\/wp\/v2\/posts\/8304","targetHints":{"allow":["GET"]}}],"collection":[{"href":"https:\/\/sientetupasion.com\/index.php\/wp-json\/wp\/v2\/posts"}],"about":[{"href":"https:\/\/sientetupasion.com\/index.php\/wp-json\/wp\/v2\/types\/post"}],"author":[{"embeddable":true,"href":"https:\/\/sientetupasion.com\/index.php\/wp-json\/wp\/v2\/users\/2"}],"replies":[{"embeddable":true,"href":"https:\/\/sientetupasion.com\/index.php\/wp-json\/wp\/v2\/comments?post=8304"}],"version-history":[{"count":1,"href":"https:\/\/sientetupasion.com\/index.php\/wp-json\/wp\/v2\/posts\/8304\/revisions"}],"predecessor-version":[{"id":8306,"href":"https:\/\/sientetupasion.com\/index.php\/wp-json\/wp\/v2\/posts\/8304\/revisions\/8306"}],"wp:featuredmedia":[{"embeddable":true,"href":"https:\/\/sientetupasion.com\/index.php\/wp-json\/wp\/v2\/media\/8305"}],"wp:attachment":[{"href":"https:\/\/sientetupasion.com\/index.php\/wp-json\/wp\/v2\/media?parent=8304"}],"wp:term":[{"taxonomy":"category","embeddable":true,"href":"https:\/\/sientetupasion.com\/index.php\/wp-json\/wp\/v2\/categories?post=8304"},{"taxonomy":"post_tag","embeddable":true,"href":"https:\/\/sientetupasion.com\/index.php\/wp-json\/wp\/v2\/tags?post=8304"}],"curies":[{"name":"wp","href":"https:\/\/api.w.org\/{rel}","templated":true}]}}