{"id":8231,"date":"2025-03-31T20:52:09","date_gmt":"2025-04-01T02:52:09","guid":{"rendered":"https:\/\/sientetupasion.com\/?p=8231"},"modified":"2025-03-31T20:52:09","modified_gmt":"2025-04-01T02:52:09","slug":"en-la-legislativa-ulises-mejia-haro-informa-sobre-su-trabajo-legislativo-y-programas-ciudadanos","status":"publish","type":"post","link":"https:\/\/sientetupasion.com\/index.php\/2025\/03\/31\/en-la-legislativa-ulises-mejia-haro-informa-sobre-su-trabajo-legislativo-y-programas-ciudadanos\/","title":{"rendered":"EN \u201cLA LEGISLATIVA\u201d, ULISES MEJ\u00cdA HARO INFORMA SOBRE SU TRABAJO LEGISLATIVO Y PROGRAMAS CIUDADANOS"},"content":{"rendered":"<p>Desde la capital de Zacatecas, durante la edici\u00f3n n\u00famero 25 de la conferencia semanal La Legislativa, el diputado federal Ulises Mej\u00eda Haro inform\u00f3 a medios de comunicaci\u00f3n y ciudadan\u00eda sobre los avances legislativos y las acciones emprendidas como parte de su compromiso con el bienestar del pueblo zacatecano.<\/p>\n<p>Destac\u00f3 que, desde el mes de septiembre, se han realizado 177 asambleas informativas en distintas regiones del estado, reforzando el ejercicio de transparencia y cercan\u00eda con la poblaci\u00f3n.<\/p>\n<p>Entre las acciones impulsadas, mencion\u00f3 el programa de la Feria de la Salud, realizada el pasado fin de semana en R\u00edo Grande, acercando servicios m\u00e9dicos gratuitos a la ciudadan\u00eda. Tambi\u00e9n destac\u00f3 las asesor\u00edas jur\u00eddicas gratuitas, el programa de mejoramiento a la vivienda, as\u00ed como la firma de convenios de becas con instituciones educativas como la UNID, que han ampliado las oportunidades de formaci\u00f3n y apoyo a las familias.<\/p>\n<p>Mej\u00eda Haro enfatiz\u00f3 que continuar\u00e1 presentando iniciativas de ley para fortalecer el marco jur\u00eddico en beneficio de Zacatecas. A la fecha, ha registrado 10 iniciativas legislativas enfocadas en \u00e1reas como salud, igualdad sustantiva, desarrollo rural, agua, transporte, vivienda y justicia social.<\/p>\n<p>Por otro lado, comparti\u00f3 su participaci\u00f3n en el reciente Encuentro Internacional de Ciudades Patrimonio Mundial, que reuni\u00f3 a 15 embajadores, autoridades del Gobierno Federal, acad\u00e9micos, representantes de organismos internacionales, de la Secretar\u00eda de Cultura y de Turismo, as\u00ed como alcaldes y alcaldesas de diversas regiones del pa\u00eds, incluido Zacatecas.<\/p>\n<p>En este encuentro se gener\u00f3 una amplia reflexi\u00f3n sobre la importancia de preservar y conservar los sitios hist\u00f3ricos declarados Patrimonio Mundial por la UNESCO. A trav\u00e9s de mesas de trabajo y foros tem\u00e1ticos, se logr\u00f3 una participaci\u00f3n consciente y comprometida de expertos nacionales e internacionales, quienes compartieron diagn\u00f3sticos, propuestas y estrategias para la protecci\u00f3n integral de estos espacios.<\/p>\n<p>Se destac\u00f3 la necesidad de fortalecer la defensa t\u00e9cnica y jur\u00eddica de estas declaratorias ante posibles riesgos o retrocesos. Asimismo, se promovi\u00f3 una visi\u00f3n que articule a las ciudades patrimonio, pueblos m\u00e1gicos y sitios del Camino Real de Tierra Adentro como parte de un proyecto com\u00fan que impulse el turismo cultural y fortalezca la econom\u00eda local y regional.<\/p>\n<p>\u201cCon trabajo permanente, cercano y honesto, seguimos demostrando que s\u00ed hay de otra\u201d coment\u00f3 el legislador por Zacatecas Ulises Mej\u00eda Haro.<\/p>\n","protected":false},"excerpt":{"rendered":"<p>Desde la capital de Zacatecas, durante la edici\u00f3n n\u00famero 25 de la conferencia semanal La Legislativa, el diputado federal Ulises Mej\u00eda Haro inform\u00f3 a medios de<span class=\"excerpt-hellip\"> [\u2026]<\/span><\/p>\n","protected":false},"author":2,"featured_media":8232,"comment_status":"open","ping_status":"open","sticky":false,"template":"","format":"standard","meta":{"footnotes":""},"categories":[8],"tags":[],"class_list":["post-8231","post","type-post","status-publish","format-standard","has-post-thumbnail","hentry","category-politica"],"_links":{"self":[{"href":"https:\/\/sientetupasion.com\/index.php\/wp-json\/wp\/v2\/posts\/8231","targetHints":{"allow":["GET"]}}],"collection":[{"href":"https:\/\/sientetupasion.com\/index.php\/wp-json\/wp\/v2\/posts"}],"about":[{"href":"https:\/\/sientetupasion.com\/index.php\/wp-json\/wp\/v2\/types\/post"}],"author":[{"embeddable":true,"href":"https:\/\/sientetupasion.com\/index.php\/wp-json\/wp\/v2\/users\/2"}],"replies":[{"embeddable":true,"href":"https:\/\/sientetupasion.com\/index.php\/wp-json\/wp\/v2\/comments?post=8231"}],"version-history":[{"count":1,"href":"https:\/\/sientetupasion.com\/index.php\/wp-json\/wp\/v2\/posts\/8231\/revisions"}],"predecessor-version":[{"id":8233,"href":"https:\/\/sientetupasion.com\/index.php\/wp-json\/wp\/v2\/posts\/8231\/revisions\/8233"}],"wp:featuredmedia":[{"embeddable":true,"href":"https:\/\/sientetupasion.com\/index.php\/wp-json\/wp\/v2\/media\/8232"}],"wp:attachment":[{"href":"https:\/\/sientetupasion.com\/index.php\/wp-json\/wp\/v2\/media?parent=8231"}],"wp:term":[{"taxonomy":"category","embeddable":true,"href":"https:\/\/sientetupasion.com\/index.php\/wp-json\/wp\/v2\/categories?post=8231"},{"taxonomy":"post_tag","embeddable":true,"href":"https:\/\/sientetupasion.com\/index.php\/wp-json\/wp\/v2\/tags?post=8231"}],"curies":[{"name":"wp","href":"https:\/\/api.w.org\/{rel}","templated":true}]}}