{"id":8222,"date":"2025-03-31T20:46:03","date_gmt":"2025-04-01T02:46:03","guid":{"rendered":"https:\/\/sientetupasion.com\/?p=8222"},"modified":"2025-03-31T20:46:03","modified_gmt":"2025-04-01T02:46:03","slug":"llama-geovanna-banuelos-a-reforzar-las-acciones-y-protocolos-de-atencion-y-prevencion-de-acoso-escolar","status":"publish","type":"post","link":"https:\/\/sientetupasion.com\/index.php\/2025\/03\/31\/llama-geovanna-banuelos-a-reforzar-las-acciones-y-protocolos-de-atencion-y-prevencion-de-acoso-escolar\/","title":{"rendered":"Llama Geovanna Ba\u00f1uelos a reforzar las acciones y protocolos de atenci\u00f3n y prevenci\u00f3n de acoso escolar"},"content":{"rendered":"<p>Ante el incremento de casos graves de bullying en las escuelas, la senadora Geovanna Ba\u00f1uelos solicita a la Secretar\u00eda de Educaci\u00f3n P\u00fablica y sus hom\u00f3logas en los estados, reforzar las acciones y protocolos de atenci\u00f3n y prevenci\u00f3n del acoso escolar.<\/p>\n<p>Adem\u00e1s, brindar apoyo psicol\u00f3gico a estudiantes y familiares implicados en casos de acoso escolar, situaci\u00f3n que afecta la salud f\u00edsica y mental, as\u00ed como el pleno desarrollo de las ni\u00f1as, ni\u00f1os y adolescentes. <\/p>\n<p>Mediante un punto de acuerdo presentado al Senado de la Rep\u00fablica, la vicecoordinadora del Grupo Parlamentario del Partido del Trabajo (GPPT) pide al Consejo Nacional para Prevenir la Discriminaci\u00f3n y el Sistema Nacional para el Desarrollo Integral de la Familia dise\u00f1ar e implementar campa\u00f1as, pl\u00e1ticas, cursos y talleres para la prevenci\u00f3n del acoso escolar, as\u00ed como brindar orientaci\u00f3n a ni\u00f1as, ni\u00f1os y adolescentes sobre los protocolos de actuaci\u00f3n ante este tipo de conductas.<\/p>\n<p>Al fundamentar la propuesta, la senadora Geovanna Ba\u00f1uelos inform\u00f3 que el bullying es una problem\u00e1tica social que afecta a miles de ni\u00f1as, ni\u00f1os y adolescentes en M\u00e9xico, este tipo de violencia puede ser verbal o f\u00edsico, pero tambi\u00e9n digital a trav\u00e9s de las redes sociales.<\/p>\n<p>\u201cEste fen\u00f3meno ha crecido de manera alarmante en las \u00faltimas d\u00e9cadas, impactando gravemente el bienestar y desarrollo de las v\u00edctimas y sus familias, ya que quienes lo sufren suelen experimentar ansiedad, depresi\u00f3n, baja autoestima y en casos extremos, pensamientos suicidas\u201d.<\/p>\n<p>Geovanna Ba\u00f1uelos inform\u00f3 que en los \u00faltimos a\u00f1os la violencia escolar en M\u00e9xico ha experimentado un preocupante incremento. De acuerdo con datos de la Secretar\u00eda de Salud, entre 2019 y 2023, los casos de agresiones f\u00edsicas en escuelas aumentaron m\u00e1s del 80%, alcanzando un r\u00e9cord de 943 hospitalizaciones en 2023.<\/p>\n<p>\u201cUn caso emblem\u00e1tico es el de F\u00e1tima Zavala, una estudiante de secundaria que sufri\u00f3 bullying extremo durante meses. A pesar de que su familia denunci\u00f3 la situaci\u00f3n, las acciones tomadas por la escuela fueron insuficientes. EI acoso escal\u00f3 hasta el punto en que F\u00e1tima sufri\u00f3 un accidente grave, lo que pone de manifiesto la falta de mecanismos efectivos para proteger a los estudiantes\u201d, detall\u00f3 la legisladora por Zacatecas.<\/p>\n<p>En este sentido, se\u00f1al\u00f3 que la violencia escolar en M\u00e9xico es una problem\u00e1tica que exige atenci\u00f3n inmediata por parte de las autoridades \u201cs\u00f3lo con esfuerzos coordinados se podr\u00e1 garantizar un entorno seguro para las futuras generaciones y prevenir que m\u00e1s ni\u00f1os y adolescentes sean v\u00edctimas de esta preocupante situaci\u00f3n\u201d. <\/p>\n<p>\u201cEn el Grupo Parlamentario del Partido del Trabajo vemos con preocupaci\u00f3n los altos \u00edndices de acoso escolar en las escuelas del pa\u00eds. Las consecuencias de esta violencia son lamentables para las ni\u00f1as, ni\u00f1os, adolescentes y sus familias. Los da\u00f1os se prolongan por bastante tiempo y pueden ser irreparables\u201d.<\/p>\n<p>Por ello, la senadora Geovanna Ba\u00f1uelos urgi\u00f3 a actuar en consecuencia, a atender y erradicar el acoso escolar y apoyar a las personas que lo realizan, as\u00ed como a quienes lo sufren. <\/p>\n<p>El punto de acuerdo fue turnado a la Comisi\u00f3n de Educaci\u00f3n, para su an\u00e1lisis y posterior dictaminaci\u00f3n.<\/p>\n","protected":false},"excerpt":{"rendered":"<p>Ante el incremento de casos graves de bullying en las escuelas, la senadora Geovanna Ba\u00f1uelos solicita a la Secretar\u00eda de Educaci\u00f3n P\u00fablica y sus hom\u00f3logas en<span class=\"excerpt-hellip\"> [\u2026]<\/span><\/p>\n","protected":false},"author":2,"featured_media":8223,"comment_status":"open","ping_status":"open","sticky":false,"template":"","format":"standard","meta":{"footnotes":""},"categories":[8],"tags":[],"class_list":["post-8222","post","type-post","status-publish","format-standard","has-post-thumbnail","hentry","category-politica"],"_links":{"self":[{"href":"https:\/\/sientetupasion.com\/index.php\/wp-json\/wp\/v2\/posts\/8222","targetHints":{"allow":["GET"]}}],"collection":[{"href":"https:\/\/sientetupasion.com\/index.php\/wp-json\/wp\/v2\/posts"}],"about":[{"href":"https:\/\/sientetupasion.com\/index.php\/wp-json\/wp\/v2\/types\/post"}],"author":[{"embeddable":true,"href":"https:\/\/sientetupasion.com\/index.php\/wp-json\/wp\/v2\/users\/2"}],"replies":[{"embeddable":true,"href":"https:\/\/sientetupasion.com\/index.php\/wp-json\/wp\/v2\/comments?post=8222"}],"version-history":[{"count":1,"href":"https:\/\/sientetupasion.com\/index.php\/wp-json\/wp\/v2\/posts\/8222\/revisions"}],"predecessor-version":[{"id":8224,"href":"https:\/\/sientetupasion.com\/index.php\/wp-json\/wp\/v2\/posts\/8222\/revisions\/8224"}],"wp:featuredmedia":[{"embeddable":true,"href":"https:\/\/sientetupasion.com\/index.php\/wp-json\/wp\/v2\/media\/8223"}],"wp:attachment":[{"href":"https:\/\/sientetupasion.com\/index.php\/wp-json\/wp\/v2\/media?parent=8222"}],"wp:term":[{"taxonomy":"category","embeddable":true,"href":"https:\/\/sientetupasion.com\/index.php\/wp-json\/wp\/v2\/categories?post=8222"},{"taxonomy":"post_tag","embeddable":true,"href":"https:\/\/sientetupasion.com\/index.php\/wp-json\/wp\/v2\/tags?post=8222"}],"curies":[{"name":"wp","href":"https:\/\/api.w.org\/{rel}","templated":true}]}}