{"id":8213,"date":"2025-03-30T21:11:16","date_gmt":"2025-03-31T03:11:16","guid":{"rendered":"https:\/\/sientetupasion.com\/?p=8213"},"modified":"2025-03-30T21:11:16","modified_gmt":"2025-03-31T03:11:16","slug":"gobierno-de-zacatecas-promueve-el-bienestar-de-las-mujeres-y-la-cultura-de-paz-con-la-carrera-5k-contra-las-adicciones","status":"publish","type":"post","link":"https:\/\/sientetupasion.com\/index.php\/2025\/03\/30\/gobierno-de-zacatecas-promueve-el-bienestar-de-las-mujeres-y-la-cultura-de-paz-con-la-carrera-5k-contra-las-adicciones\/","title":{"rendered":"Gobierno de Zacatecas promueve el bienestar de las mujeres y la cultura de paz con la Carrera 5K contra las Adicciones"},"content":{"rendered":"\n<p>\u25aa\ufe0fEste domingo participaron m\u00e1s de 700 zacatecanas y zacatecanos<br \/>\n\u25aa\ufe0fLa actividad form\u00f3 parte de las acciones enmarcadas en la Agenda del Bienestar 2025, el D\u00eda Internacional de las Mujeres y la Estrategia Nacional por la Paz contra las Adicciones<br \/>\n\u25aa\ufe0fEn la rama femenil, el primer lugar fue para Eva Ruiz; en la varonil, el ganador fue Ra\u00fal Garc\u00eda<\/p>\n<p>Zacatecas, Zac., 30 de marzo de 2025.- Con la participaci\u00f3n de m\u00e1s de 700 personas, la Secretar\u00eda de las Mujeres, en coordinaci\u00f3n con el Instituto de Cultura F\u00edsica y Deporte de Zacatecas y la Secretar\u00eda de Educaci\u00f3n, llev\u00f3 a cabo la Carrera 5K Bienestar para las Mujeres por la Paz y contra las Adicciones 2025.<\/p>\n<p>Esta iniciativa del Gobierno de M\u00e9xico y del mandatario David Monreal \u00c1vila se enmarca en la Agenda del A\u00f1o del Bienestar 2025, con el objetivo de fomentar la sana convivencia, h\u00e1bitos saludables, la prevenci\u00f3n de adicciones y la cultura de paz, especialmente entre mujeres, ni\u00f1as, adolescentes y j\u00f3venes.<\/p>\n<p>Durante el evento, la Secretaria de las Mujeres, Karla Isabel Guardado Oropeza, destac\u00f3 que la decisi\u00f3n del Gobernador David Monreal \u00c1vila es impulsar acciones que fortalezcan el bienestar de las mujeres y la ciudadan\u00eda en general.<\/p>\n<p>\u201cPara este Gobierno, es una prioridad generar espacios de recreaci\u00f3n, convivencia y desarrollo integral, ya que el acceso a actividades de ocio saludable contribuye a la construcci\u00f3n de una sociedad m\u00e1s justa y en paz\u201d, a\u00f1adi\u00f3.<\/p>\n<p>Por su parte, Edgar Rodarte Menchaca, encargado de la Direcci\u00f3n General del Instituto de Cultura F\u00edsica y Deporte, resalt\u00f3 que la carrera es parte de una estrategia coordinada entre los distintos niveles de Gobierno para fomentar el deporte como herramienta clave en la prevenci\u00f3n de adicciones y la promoci\u00f3n de estilos de vida saludables.<\/p>\n<p>Armando Delgadillo Ruvalcaba, subsecretario acad\u00e9mico de la Secretar\u00eda de Educaci\u00f3n, enfatiz\u00f3 la importancia de la participaci\u00f3n de toda la comunidad para consolidar acciones que generen paz y bienestar. \u201cEventos como \u00e9ste fortalecen los lazos de convivencia y fomentan la educaci\u00f3n para el bienestar\u201d, expres\u00f3.<\/p>\n<p>Durante la jornada deportiva se reconoci\u00f3 a las y los ganadores de la carrera en ambas categor\u00edas. En la rama femenil, el primer lugar fue para Eva Ruiz; el segundo para Ang\u00e9lica Soriano; y el tercero para Ana Laura Bautista Mart\u00ednez. En la categor\u00eda varonil, Ra\u00fal Garc\u00eda Barajas obtuvo el primer lugar; seguido de Diego Alberto Borrego en el segundo; y Pablo Geovanni Ortiz Aparicio, en el tercero.<\/p>\n<p>Cabe destacar que la actividad se caracteriz\u00f3 por el entusiasmo y determinaci\u00f3n de las y los participantes, quienes recorrieron los 5 kil\u00f3metros en un ambiente de alegr\u00eda y compa\u00f1erismo.<\/p>\n<p>Adem\u00e1s, la carrera se realiz\u00f3 en el marco de las actividades conmemorativas del D\u00eda Internacional de la Mujer y como parte de una estrategia nacional impulsada por la Comisi\u00f3n Nacional de Cultura F\u00edsica y Deporte y el Gobierno de M\u00e9xico, por lo que se desarroll\u00f3 simult\u00e1neamente en diversas entidades del territorio nacional, as\u00ed como en la capital del pa\u00eds.<\/p>\n<p>\u2014ooOoo\u2014<\/p>\n","protected":false},"excerpt":{"rendered":"<p>\u25aa\ufe0fEste domingo participaron m\u00e1s de 700 zacatecanas y zacatecanos \u25aa\ufe0fLa actividad form\u00f3 parte de las acciones enmarcadas en la Agenda del Bienestar 2025, el D\u00eda Internacional<span class=\"excerpt-hellip\"> [\u2026]<\/span><\/p>\n","protected":false},"author":2,"featured_media":8214,"comment_status":"open","ping_status":"open","sticky":false,"template":"","format":"standard","meta":{"footnotes":""},"categories":[16],"tags":[],"class_list":["post-8213","post","type-post","status-publish","format-standard","has-post-thumbnail","hentry","category-zacatecas"],"_links":{"self":[{"href":"https:\/\/sientetupasion.com\/index.php\/wp-json\/wp\/v2\/posts\/8213","targetHints":{"allow":["GET"]}}],"collection":[{"href":"https:\/\/sientetupasion.com\/index.php\/wp-json\/wp\/v2\/posts"}],"about":[{"href":"https:\/\/sientetupasion.com\/index.php\/wp-json\/wp\/v2\/types\/post"}],"author":[{"embeddable":true,"href":"https:\/\/sientetupasion.com\/index.php\/wp-json\/wp\/v2\/users\/2"}],"replies":[{"embeddable":true,"href":"https:\/\/sientetupasion.com\/index.php\/wp-json\/wp\/v2\/comments?post=8213"}],"version-history":[{"count":1,"href":"https:\/\/sientetupasion.com\/index.php\/wp-json\/wp\/v2\/posts\/8213\/revisions"}],"predecessor-version":[{"id":8215,"href":"https:\/\/sientetupasion.com\/index.php\/wp-json\/wp\/v2\/posts\/8213\/revisions\/8215"}],"wp:featuredmedia":[{"embeddable":true,"href":"https:\/\/sientetupasion.com\/index.php\/wp-json\/wp\/v2\/media\/8214"}],"wp:attachment":[{"href":"https:\/\/sientetupasion.com\/index.php\/wp-json\/wp\/v2\/media?parent=8213"}],"wp:term":[{"taxonomy":"category","embeddable":true,"href":"https:\/\/sientetupasion.com\/index.php\/wp-json\/wp\/v2\/categories?post=8213"},{"taxonomy":"post_tag","embeddable":true,"href":"https:\/\/sientetupasion.com\/index.php\/wp-json\/wp\/v2\/tags?post=8213"}],"curies":[{"name":"wp","href":"https:\/\/api.w.org\/{rel}","templated":true}]}}