{"id":7807,"date":"2025-03-26T19:31:19","date_gmt":"2025-03-27T01:31:19","guid":{"rendered":"https:\/\/sientetupasion.com\/?p=7807"},"modified":"2025-03-26T19:31:19","modified_gmt":"2025-03-27T01:31:19","slug":"preservar-el-patrimonio-mundial-es-tarea-de-todos-y-todas-ulises-mejia-haro","status":"publish","type":"post","link":"https:\/\/sientetupasion.com\/index.php\/2025\/03\/26\/preservar-el-patrimonio-mundial-es-tarea-de-todos-y-todas-ulises-mejia-haro\/","title":{"rendered":"PRESERVAR EL PATRIMONIO MUNDIAL ES TAREA DE TODOS Y TODAS : ULISES MEJ\u00cdA HARO"},"content":{"rendered":"<p>Ciudad de M\u00e9xico.\u2013 Como parte de una iniciativa del diputado federal Ulises Mej\u00eda Haro, en coordinaci\u00f3n con la Asociaci\u00f3n Mexicana de Ciudades Patrimonio Mundial y la Comisi\u00f3n de Cultura y Cinematograf\u00eda de la C\u00e1mara de Diputados, se llev\u00f3 a cabo con gran \u00e9xito el Encuentro Internacional de Ciudades Patrimonio Mundial en el Palacio Legislativo de San L\u00e1zaro.<\/p>\n<p>Durante este evento se desarrollaron diversas actividades que permitieron reflexionar sobre los retos y oportunidades del patrimonio cultural a nivel global. Entre ellas destacaron la inauguraci\u00f3n de la Muestra Fotogr\u00e1fica Internacional de Sitios Patrimonio Mundial y la apertura del Pabell\u00f3n Artesanal, que dio visibilidad a las expresiones culturales tradicionales de distintas regiones.<\/p>\n<p>Los temas abordados fueron de gran relevancia, como \u201cModernidad y conservaci\u00f3n de los sitios patrimonio mundial\u201d, \u201cEl potencial tur\u00edstico y el bienestar de las comunidades que viven del turismo cultural\u201d, y \u201cLos incentivos fiscales para el rescate y restauraci\u00f3n de inmuebles hist\u00f3ricos\u201d, generando un di\u00e1logo enriquecedor entre especialistas, autoridades locales, legisladores y representantes del \u00e1mbito diplom\u00e1tico.<\/p>\n<p>En su intervenci\u00f3n, el diputado federal Ulises Mej\u00eda Haro enfatiz\u00f3 que \u201cser una ciudad o un sitio patrimonio nos responsabiliza en su conservaci\u00f3n y preservaci\u00f3n, manteniendo las caracter\u00edsticas que le permitieron obtener la declaratoria como Ciudad Patrimonio Mundial por la UNESCO, misma que puede perderse si no se emprenden acciones concretas de adaptabilidad y concientizaci\u00f3n social\u201d.<\/p>\n<p>El evento cont\u00f3 con la participaci\u00f3n de representantes diplom\u00e1ticos de m\u00e1s de una decena de pa\u00edses, as\u00ed como acad\u00e9micos, expertos internacionales, legisladores y presidentes municipales que compartieron experiencias, buenas pr\u00e1cticas y propuestas para fortalecer la conservaci\u00f3n del patrimonio y su aprovechamiento sostenible.<\/p>\n<p>Asimismo, estuvieron presentes el presidente de la Asociaci\u00f3n Mexicana de Ciudades Patrimonio Mundial, Enrique Galindo Ceballos, alcalde de San Luis Potos\u00ed; la presidenta de la Comisi\u00f3n de Cultura y Cinematograf\u00eda de la C\u00e1mara de Diputados, Alma Delia de la Vega; y el director de la Asociaci\u00f3n de Ciudades Patrimonio Mundial, el Mtro. Jorge Ortega.<\/p>\n<p>Durante su participaci\u00f3n, el alcalde Enrique Galindo se\u00f1al\u00f3 que \u201ces importante que existan este tipo de escaparates donde las ciudades patrimonio puedan compartir experiencias, retos y propuestas, para fortalecer el compromiso nacional e internacional con la conservaci\u00f3n de su riqueza cultural\u201d.<\/p>\n<p>Promover la cultura, impulsar el turismo sostenible y preservar los centros hist\u00f3ricos no solo fortalece la identidad y el orgullo comunitario, sino que tambi\u00e9n genera oportunidades de desarrollo econ\u00f3mico, empleo y cohesi\u00f3n social. La protecci\u00f3n del patrimonio es una herramienta poderosa para el bienestar de las comunidades, para la educaci\u00f3n de las nuevas generaciones y para consolidar a nuestras ciudades como destinos de valor hist\u00f3rico, art\u00edstico y humano.<\/p>\n<p>Esta iniciativa se llev\u00f3 a cabo con tanto \u00e9xito que se ha propuesto que este Encuentro Internacional de Ciudades Patrimonio Mundial se celebre de forma anual en el Palacio Legislativo de San L\u00e1zaro, como un espacio permanente de reflexi\u00f3n, intercambio y compromiso colectivo por la preservaci\u00f3n del legado cultural de la humanidad.<\/p>\n","protected":false},"excerpt":{"rendered":"<p>Ciudad de M\u00e9xico.\u2013 Como parte de una iniciativa del diputado federal Ulises Mej\u00eda Haro, en coordinaci\u00f3n con la Asociaci\u00f3n Mexicana de Ciudades Patrimonio Mundial y la<span class=\"excerpt-hellip\"> [\u2026]<\/span><\/p>\n","protected":false},"author":2,"featured_media":7808,"comment_status":"open","ping_status":"open","sticky":false,"template":"","format":"standard","meta":{"footnotes":""},"categories":[8],"tags":[],"class_list":["post-7807","post","type-post","status-publish","format-standard","has-post-thumbnail","hentry","category-politica"],"_links":{"self":[{"href":"https:\/\/sientetupasion.com\/index.php\/wp-json\/wp\/v2\/posts\/7807","targetHints":{"allow":["GET"]}}],"collection":[{"href":"https:\/\/sientetupasion.com\/index.php\/wp-json\/wp\/v2\/posts"}],"about":[{"href":"https:\/\/sientetupasion.com\/index.php\/wp-json\/wp\/v2\/types\/post"}],"author":[{"embeddable":true,"href":"https:\/\/sientetupasion.com\/index.php\/wp-json\/wp\/v2\/users\/2"}],"replies":[{"embeddable":true,"href":"https:\/\/sientetupasion.com\/index.php\/wp-json\/wp\/v2\/comments?post=7807"}],"version-history":[{"count":1,"href":"https:\/\/sientetupasion.com\/index.php\/wp-json\/wp\/v2\/posts\/7807\/revisions"}],"predecessor-version":[{"id":7809,"href":"https:\/\/sientetupasion.com\/index.php\/wp-json\/wp\/v2\/posts\/7807\/revisions\/7809"}],"wp:featuredmedia":[{"embeddable":true,"href":"https:\/\/sientetupasion.com\/index.php\/wp-json\/wp\/v2\/media\/7808"}],"wp:attachment":[{"href":"https:\/\/sientetupasion.com\/index.php\/wp-json\/wp\/v2\/media?parent=7807"}],"wp:term":[{"taxonomy":"category","embeddable":true,"href":"https:\/\/sientetupasion.com\/index.php\/wp-json\/wp\/v2\/categories?post=7807"},{"taxonomy":"post_tag","embeddable":true,"href":"https:\/\/sientetupasion.com\/index.php\/wp-json\/wp\/v2\/tags?post=7807"}],"curies":[{"name":"wp","href":"https:\/\/api.w.org\/{rel}","templated":true}]}}