{"id":7765,"date":"2025-03-25T08:03:03","date_gmt":"2025-03-25T14:03:03","guid":{"rendered":"https:\/\/sientetupasion.com\/?p=7765"},"modified":"2025-03-25T08:03:03","modified_gmt":"2025-03-25T14:03:03","slug":"visibilizan-en-el-congreso-la-lucha-de-las-mujeres-a-traves-de-la-fotografia","status":"publish","type":"post","link":"https:\/\/sientetupasion.com\/index.php\/2025\/03\/25\/visibilizan-en-el-congreso-la-lucha-de-las-mujeres-a-traves-de-la-fotografia\/","title":{"rendered":"Visibilizan en el Congreso la lucha de las mujeres a trav\u00e9s de la fotograf\u00eda"},"content":{"rendered":"<p>La Comisi\u00f3n de Igualdad Sustantiva entre Mujeres y Hombres de la LXV Legislatura del Estado de Zacatecas, presidida por la diputada Renata \u00c1vila Valadez del Partido del Trabajo (PT), inaugur\u00f3 hoy la exposici\u00f3n fotogr\u00e1fica \u201cMujeres que Luchan\u201d, un espacio dedicado a visibilizar la participaci\u00f3n activa y transformadora de las mujeres en movimientos sociales.<\/p>\n<p>La muestra, que se exhibe en el vest\u00edbulo del Congreso del Estado, presenta el trabajo de siete talentosas fot\u00f3grafas zacatecanas: Nancy Garc\u00eda, Nallely de Le\u00f3n, Anah\u00ed Encina, Flor Casta\u00f1eda, Alejandra Mtz., Esther Consuegra y Jesse Mireles, quienes, a trav\u00e9s de sus lentes, capturan la fuerza, resiliencia y determinaci\u00f3n de mujeres que luchan por la justicia, la igualdad y los derechos humanos en diversos contextos.<\/p>\n<p>Durante el evento inaugural, Flor Casta\u00f1eda resalt\u00f3 que las im\u00e1genes exhibidas no solo retratan las luchas que se viven en las calles, sino que tambi\u00e9n reflejan la b\u00fasqueda de una vida digna y mejor desde diferentes \u00e1mbitos, incluyendo el laboral. \u201cLas fotograf\u00edas capturan esos matices de la lucha cotidiana, donde las mujeres no solo buscan justicia, sino tambi\u00e9n condiciones m\u00e1s justas para su desarrollo personal y profesional. Cada imagen es un testimonio que revela un fragmento de esas miradas que persisten en la b\u00fasqueda de dignidad\u201d, expres\u00f3.<\/p>\n<p>Por su parte, Jesse Mireles subray\u00f3 que esta muestra no representa todas las miradas posibles, pero s\u00ed aquellas que cuestionan y critican desde la experiencia de las mujeres que enfrentan riesgos para descentralizar el periodismo y visibilizar historias silenciadas. \u201cEstas im\u00e1genes son reflejo del compromiso de muchas fot\u00f3grafas que, detr\u00e1s del lente, dedican tiempo y esfuerzo para documentar realidades que suelen permanecer invisibles. Mostrar estas luchas implica atravesar escenarios complejos y peligrosos, pero es una forma de darle voz a quienes han sido marginadas\u201d, puntualiz\u00f3.<\/p>\n<p>Ambas fot\u00f3grafas hablaron en nombre de todas las participantes, quienes, en su mayor\u00eda, trabajan en distintos medios de comunicaci\u00f3n como fotoperiodistas, aunque tambi\u00e9n se invit\u00f3 a mujeres de otras disciplinas que, desde su perspectiva, retratan estas luchas. Tal es el caso de Alejandra Mtz., arquitecta que tambi\u00e9n ha encontrado en la fotograf\u00eda una manera de alzar la voz y visibilizar las causas sociales.<\/p>\n<p>Las im\u00e1genes retratan la incansable labor de colectivos como las Madres Buscadoras de Personas Desaparecidas, las manifestaciones del Movimiento Feminista y la participaci\u00f3n de mujeres que encabezan el Movimiento Magisterial. Esta iniciativa no solo ofrece un espacio para que las fot\u00f3grafas participantes presenten su obra al p\u00fablico, sino que tambi\u00e9n promueve su talento y su visi\u00f3n art\u00edstica.<\/p>\n<p>Durante el evento, la diputada Renata \u00c1vila expres\u00f3: \u201cEsta exposici\u00f3n no solo es una muestra fotogr\u00e1fica, es un testimonio del valor y la resistencia de las mujeres que luchan incansablemente por la justicia, la igualdad y la dignidad. Las im\u00e1genes que hoy presentamos son un recordatorio de que sus voces, sus causas y sus esfuerzos deben seguir siendo visibles y reconocidos por toda la sociedad y desde el \u00e1mbito legislativo\u201d.<\/p>\n<p>La diputada destac\u00f3 la importancia de abrir espacios como este para reconocer el papel fundamental de las mujeres en la transformaci\u00f3n social y pol\u00edtica. \u201cDesde el Congreso, seguimos comprometidas en generar acciones que visibilicen las luchas de las mujeres en todos los \u00e1mbitos. Esta exposici\u00f3n es un recordatorio de que las historias que aqu\u00ed se presentan son tambi\u00e9n parte de la memoria colectiva que debemos preservar y desde donde debemos seguir impulsando pol\u00edticas p\u00fablicas que garanticen igualdad y justicia\u201d, afirm\u00f3 la legisladora.<\/p>\n<p>La exposici\u00f3n permanecer\u00e1 abierta al p\u00fablico durante el resto del mes de marzo en el vest\u00edbulo del Congreso, invitando a la ciudadan\u00eda a reflexionar sobre la participaci\u00f3n activa de las mujeres en la transformaci\u00f3n social de Zacatecas. Adem\u00e1s, las y los asistentes tendr\u00e1n la oportunidad de adquirir las obras exhibidas, apoyando as\u00ed el talento de las fot\u00f3grafas.<\/p>\n<p>Esta exposici\u00f3n forma parte de las actividades organizadas por la Comisi\u00f3n de Igualdad Sustantiva entre Mujeres y Hombres en el marco del D\u00eda Internacional de la Mujer.<\/p>\n","protected":false},"excerpt":{"rendered":"<p>La Comisi\u00f3n de Igualdad Sustantiva entre Mujeres y Hombres de la LXV Legislatura del Estado de Zacatecas, presidida por la diputada Renata \u00c1vila Valadez del Partido<span class=\"excerpt-hellip\"> [\u2026]<\/span><\/p>\n","protected":false},"author":2,"featured_media":7766,"comment_status":"open","ping_status":"open","sticky":false,"template":"","format":"standard","meta":{"footnotes":""},"categories":[8],"tags":[],"class_list":["post-7765","post","type-post","status-publish","format-standard","has-post-thumbnail","hentry","category-politica"],"_links":{"self":[{"href":"https:\/\/sientetupasion.com\/index.php\/wp-json\/wp\/v2\/posts\/7765","targetHints":{"allow":["GET"]}}],"collection":[{"href":"https:\/\/sientetupasion.com\/index.php\/wp-json\/wp\/v2\/posts"}],"about":[{"href":"https:\/\/sientetupasion.com\/index.php\/wp-json\/wp\/v2\/types\/post"}],"author":[{"embeddable":true,"href":"https:\/\/sientetupasion.com\/index.php\/wp-json\/wp\/v2\/users\/2"}],"replies":[{"embeddable":true,"href":"https:\/\/sientetupasion.com\/index.php\/wp-json\/wp\/v2\/comments?post=7765"}],"version-history":[{"count":1,"href":"https:\/\/sientetupasion.com\/index.php\/wp-json\/wp\/v2\/posts\/7765\/revisions"}],"predecessor-version":[{"id":7767,"href":"https:\/\/sientetupasion.com\/index.php\/wp-json\/wp\/v2\/posts\/7765\/revisions\/7767"}],"wp:featuredmedia":[{"embeddable":true,"href":"https:\/\/sientetupasion.com\/index.php\/wp-json\/wp\/v2\/media\/7766"}],"wp:attachment":[{"href":"https:\/\/sientetupasion.com\/index.php\/wp-json\/wp\/v2\/media?parent=7765"}],"wp:term":[{"taxonomy":"category","embeddable":true,"href":"https:\/\/sientetupasion.com\/index.php\/wp-json\/wp\/v2\/categories?post=7765"},{"taxonomy":"post_tag","embeddable":true,"href":"https:\/\/sientetupasion.com\/index.php\/wp-json\/wp\/v2\/tags?post=7765"}],"curies":[{"name":"wp","href":"https:\/\/api.w.org\/{rel}","templated":true}]}}