{"id":7677,"date":"2025-03-23T08:03:50","date_gmt":"2025-03-23T14:03:50","guid":{"rendered":"https:\/\/sientetupasion.com\/?p=7677"},"modified":"2025-03-23T08:03:50","modified_gmt":"2025-03-23T14:03:50","slug":"nuestros-migrantes-merecen-respeto-y-derechos-plenos-ulises-mejia-haro","status":"publish","type":"post","link":"https:\/\/sientetupasion.com\/index.php\/2025\/03\/23\/nuestros-migrantes-merecen-respeto-y-derechos-plenos-ulises-mejia-haro\/","title":{"rendered":"NUESTROS MIGRANTES MERECEN RESPETO Y DERECHOS PLENOS: ULISES MEJ\u00cdA HARO"},"content":{"rendered":"<p>Los \u00c1ngeles, California \u2013 En un acto de unidad y compromiso con la comunidad mexicana en el exterior, el diputado federal Ulises Mej\u00eda Haro particip\u00f3 en la asamblea organizada por el Colectivo de Federaciones y Organizaciones Mexicanas Migrantes en Estados Unidos (COLOFOM), celebrada este 21 de marzo de 2025.<\/p>\n<p>La reuni\u00f3n, convocada por las comisiones de Derechos Plenos, Derechos Pol\u00edticos USA y Acceso a Recursos y Proyectos, reuni\u00f3 a liderazgos clave para abordar los desaf\u00edos que enfrenta la comunidad migrante, especialmente ante las pol\u00edticas anti-inmigrantes del presidente Donald Trump.<\/p>\n<p>En el evento estuvieron presentes el congresistas federales norteamericanos como Lou Correa, la senadora mexicana Amalia Garc\u00eda Medina, el coordinador general de COLOFOM Efra\u00edn Jim\u00e9nez, y el C\u00f3nsul General de M\u00e9xico en Los \u00c1ngeles, Carlos Gonz\u00e1lez Guti\u00e9rrez, as\u00ed como presidentes de federaciones de migrantes y l\u00edderes de organizaciones de mexicanos y zacatecanos en el exterior.<\/p>\n<p>Durante su participaci\u00f3n, el diputado Ulises Mej\u00eda Haro reiter\u00f3 su compromiso con los derechos de las y los mexicanos en el exterior, reconociendo su aportaci\u00f3n econ\u00f3mica, pol\u00edtica y cultural tanto en Estados Unidos como en M\u00e9xico. Enfatiz\u00f3 la importancia de construir puentes de di\u00e1logo y colaboraci\u00f3n para lograr una agenda binacional m\u00e1s incluyente y justa.<\/p>\n<p>Entre los temas abordados en la asamblea destacaron:<br \/>\n\t\u2022\tContrarrestar las pol\u00edticas anti-inmigrantes: Se analizaron los impactos de las pol\u00edticas que se est\u00e1n implementando en el gobierno de Donald Trump y se discutieron estrategias para proteger los derechos de los mexicanos indocumentados en Estados Unidos.<br \/>\n\t\u2022\tReconocimiento de la aportaci\u00f3n econ\u00f3mica, pol\u00edtica y cultural: Se subray\u00f3 el papel fundamental de la comunidad migrante en ambos pa\u00edses.<br \/>\n\t\u2022\tDerechos plenos para los mexicanos en EUA y M\u00e9xico: Se impuls\u00f3 el di\u00e1logo para garantizar que los connacionales cuenten con igualdad de oportunidades y acceso a sus derechos sin importar su lugar de residencia.<\/p>\n<p>Asimismo, se inform\u00f3 los objetivos del Programa \u201cM\u00e9xico te Abraza\u201d, una iniciativa del Gobierno de M\u00e9xico impulsada por la presidenta Claudia Sheinbaum, destinada a la recepci\u00f3n, asistencia y reintegraci\u00f3n de los connacionales que regresan al pa\u00eds. El programa tiene como objetivo ofrecer apoyo humanitario y garantizar derechos fundamentales a las personas repatriadas, brind\u00e1ndoles condiciones dignas para su reincorporaci\u00f3n en M\u00e9xico.<\/p>\n<p>El programa contempla:<br \/>\n\t\u2022\tAsistencia y protecci\u00f3n consular, en coordinaci\u00f3n con la red consular en Estados Unidos y agencias de la ONU, para garantizar el respeto a los derechos de quienes est\u00e1n en proceso de deportaci\u00f3n.<br \/>\n\t\u2022\tRecepci\u00f3n y apoyo en la frontera, mediante centros de atenci\u00f3n habilitados en seis estados fronterizos que brindan asistencia inmediata a los repatriados.<br \/>\n\t\u2022\tReintegraci\u00f3n social y econ\u00f3mica, a trav\u00e9s de jornadas de servicios, incorporaci\u00f3n a programas de bienestar y oportunidades laborales para facilitar su adaptaci\u00f3n en las comunidades de origen.<\/p>\n<p>Ulises Mej\u00eda Haro subray\u00f3 tambi\u00e9n la necesidad de consolidar y fortalecer el papel de los consulados mexicanos en Estados Unidos, dot\u00e1ndolos de mayores recursos y atribuciones para brindar una atenci\u00f3n m\u00e1s \u00e1gil, eficiente y cercana a la comunidad migrante. Asimismo, plante\u00f3 la importancia de que el idioma ingl\u00e9s sea reconocido como segundo idioma en M\u00e9xico y se ense\u00f1e desde la primera infancia, como una herramienta de inclusi\u00f3n, empoderamiento y defensa para los mexicanos que viajen o radiquen en el extranjero.<\/p>\n<p>El legislador zacatecano agradeci\u00f3 la invitaci\u00f3n y reiter\u00f3 que desde la C\u00e1mara de Diputados seguir\u00e1 legislando por la esperanza, impulsando reformas y acciones que reconozcan, protejan y fortalezcan los derechos de nuestras comunidades migrantes.<\/p>\n","protected":false},"excerpt":{"rendered":"<p>Los \u00c1ngeles, California \u2013 En un acto de unidad y compromiso con la comunidad mexicana en el exterior, el diputado federal Ulises Mej\u00eda Haro particip\u00f3 en<span class=\"excerpt-hellip\"> [\u2026]<\/span><\/p>\n","protected":false},"author":2,"featured_media":7678,"comment_status":"open","ping_status":"open","sticky":false,"template":"","format":"standard","meta":{"footnotes":""},"categories":[8],"tags":[],"class_list":["post-7677","post","type-post","status-publish","format-standard","has-post-thumbnail","hentry","category-politica"],"_links":{"self":[{"href":"https:\/\/sientetupasion.com\/index.php\/wp-json\/wp\/v2\/posts\/7677","targetHints":{"allow":["GET"]}}],"collection":[{"href":"https:\/\/sientetupasion.com\/index.php\/wp-json\/wp\/v2\/posts"}],"about":[{"href":"https:\/\/sientetupasion.com\/index.php\/wp-json\/wp\/v2\/types\/post"}],"author":[{"embeddable":true,"href":"https:\/\/sientetupasion.com\/index.php\/wp-json\/wp\/v2\/users\/2"}],"replies":[{"embeddable":true,"href":"https:\/\/sientetupasion.com\/index.php\/wp-json\/wp\/v2\/comments?post=7677"}],"version-history":[{"count":1,"href":"https:\/\/sientetupasion.com\/index.php\/wp-json\/wp\/v2\/posts\/7677\/revisions"}],"predecessor-version":[{"id":7679,"href":"https:\/\/sientetupasion.com\/index.php\/wp-json\/wp\/v2\/posts\/7677\/revisions\/7679"}],"wp:featuredmedia":[{"embeddable":true,"href":"https:\/\/sientetupasion.com\/index.php\/wp-json\/wp\/v2\/media\/7678"}],"wp:attachment":[{"href":"https:\/\/sientetupasion.com\/index.php\/wp-json\/wp\/v2\/media?parent=7677"}],"wp:term":[{"taxonomy":"category","embeddable":true,"href":"https:\/\/sientetupasion.com\/index.php\/wp-json\/wp\/v2\/categories?post=7677"},{"taxonomy":"post_tag","embeddable":true,"href":"https:\/\/sientetupasion.com\/index.php\/wp-json\/wp\/v2\/tags?post=7677"}],"curies":[{"name":"wp","href":"https:\/\/api.w.org\/{rel}","templated":true}]}}