{"id":7639,"date":"2025-03-22T08:14:26","date_gmt":"2025-03-22T14:14:26","guid":{"rendered":"https:\/\/sientetupasion.com\/?p=7639"},"modified":"2025-03-22T08:14:26","modified_gmt":"2025-03-22T14:14:26","slug":"inadmisible-la-suspension-de-la-sesion-del-senado-morena-demostro-su-indiferencia-alejandro-moreno","status":"publish","type":"post","link":"https:\/\/sientetupasion.com\/index.php\/2025\/03\/22\/inadmisible-la-suspension-de-la-sesion-del-senado-morena-demostro-su-indiferencia-alejandro-moreno\/","title":{"rendered":"INADMISIBLE LA SUSPENSI\u00d3N DE LA SESI\u00d3N DEL SENADO; MORENA DEMOSTR\u00d3 SU INDIFERENCIA: ALEJANDRO MORENO*"},"content":{"rendered":"<p>\u2022\t*El Presidente del CEN del PRI asever\u00f3 que \u201ces atroz\u201d que la crisis de desaparecidos no les genere un poco de sensibilidad.*<br \/>\n\u2022\t*Consider\u00f3 que hay una consternaci\u00f3n nacional e internacional por lo que est\u00e1 sucediendo en M\u00e9xico, pero, dijo, este gobierno es indolente, no atiende, y quiere desviar la atenci\u00f3n en otros temas.*<\/p>\n<p>El Presidente del Comit\u00e9 Ejecutivo Nacional (CEN) del Partido Revolucionario Institucional (PRI), Alejandro Moreno, afirm\u00f3 que \u201ces verdaderamente inadmisible lo que hizo Morena; son unos cobardes\u201d, porque reventaron la sesi\u00f3n del Senado de la Rep\u00fablica para evitar, ya ni siquiera aprobar, discutir la creaci\u00f3n de una comisi\u00f3n de investigaci\u00f3n y de seguimiento al caso de Teuchitl\u00e1n.<\/p>\n<p>Sostuvo que, una vez m\u00e1s, al abandonar el pleno del Senado, \u201cMorena demostr\u00f3 su indiferencia\u201d. Incluso, se\u00f1al\u00f3 que \u201ces atroz que lo que est\u00e1 sucediendo no les genere un poco de sensibilidad y no se atienda el asunto tan relevante que hoy tenemos\u201d.<\/p>\n<p>En entrevista tras la suspensi\u00f3n abrupta de la sesi\u00f3n en la C\u00e1mara Alta, porque con la salida de los legisladores de Morena, PT y PVEM se rompi\u00f3 el qu\u00f3rum, el senador y dirigente nacional del tricolor inform\u00f3 que la bancada del PRI seguir\u00e1 insistiendo de manera permanente en el tema. <\/p>\n<p>Indic\u00f3 que de ahora en adelante, en todas las sesiones, todos los d\u00edas, los senadores priistas abordar\u00e1n la necesidad de la creaci\u00f3n de la comisi\u00f3n especial de seguimiento, \u201chasta que se tomen cartas en el asunto y haya una propuesta de programa, de proyecto, de atenci\u00f3n directa al tema de la seguridad y la investigaci\u00f3n de los campos de exterminio, de los crematorios clandestinos, de las fosas, de los desaparecidos\u201d.<\/p>\n<p>El Presidente Alejandro Moreno asegur\u00f3 que no s\u00f3lo en nuestro pa\u00eds, sino a nivel internacional, hay consternaci\u00f3n por lo que est\u00e1 sucediendo en M\u00e9xico, pero, dijo, este gobierno es indolente, no atiende, y quiere desviar la atenci\u00f3n en otros temas.<\/p>\n<p>Por ello, inform\u00f3 que en el PRI \u201clo vamos a seguir denunciando y le vamos a exigir a Morena que d\u00e9 la cara, que no sean cobardes; que discutamos los temas\u201d, para que el pueblo de M\u00e9xico est\u00e9 enterado.<\/p>\n<p>Destac\u00f3 que hasta ahora, el gobierno de Morena se ha negado a recibir a los grupos de padres y madres que buscan a sus seres queridos. <\/p>\n<p>Expuso que \u201cno los han querido recibir. Este no es un tema de utilizar pol\u00edticamente un asunto. Hay que escuchar a los padres, a las madres. Ellos est\u00e1n yendo directamente a buscar a sus seres queridos y no los escuchan. Tratan de decir que no es real. Quieren desvirtuar la informaci\u00f3n, y el gobierno tiene no solo la responsabilidad, tiene la obligaci\u00f3n de escucharlos\u201d.<\/p>\n<p>Por otra parte, en un mensaje publicado en sus redes sociales, el senador y dirigente nacional del tricolor expres\u00f3 que \u201clas madres buscadoras no est\u00e1n solas. M\u00e9xico les cree, las acompa\u00f1a y seguir\u00e1 luchando por ellas y por cada desaparecido\u201d.<\/p>\n<p>&#8212;000&#8212;<\/p>\n","protected":false},"excerpt":{"rendered":"<p>\u2022 *El Presidente del CEN del PRI asever\u00f3 que \u201ces atroz\u201d que la crisis de desaparecidos no les genere un poco de sensibilidad.* \u2022 *Consider\u00f3 que<span class=\"excerpt-hellip\"> [\u2026]<\/span><\/p>\n","protected":false},"author":2,"featured_media":7640,"comment_status":"open","ping_status":"open","sticky":false,"template":"","format":"standard","meta":{"footnotes":""},"categories":[8],"tags":[],"class_list":["post-7639","post","type-post","status-publish","format-standard","has-post-thumbnail","hentry","category-politica"],"_links":{"self":[{"href":"https:\/\/sientetupasion.com\/index.php\/wp-json\/wp\/v2\/posts\/7639","targetHints":{"allow":["GET"]}}],"collection":[{"href":"https:\/\/sientetupasion.com\/index.php\/wp-json\/wp\/v2\/posts"}],"about":[{"href":"https:\/\/sientetupasion.com\/index.php\/wp-json\/wp\/v2\/types\/post"}],"author":[{"embeddable":true,"href":"https:\/\/sientetupasion.com\/index.php\/wp-json\/wp\/v2\/users\/2"}],"replies":[{"embeddable":true,"href":"https:\/\/sientetupasion.com\/index.php\/wp-json\/wp\/v2\/comments?post=7639"}],"version-history":[{"count":1,"href":"https:\/\/sientetupasion.com\/index.php\/wp-json\/wp\/v2\/posts\/7639\/revisions"}],"predecessor-version":[{"id":7641,"href":"https:\/\/sientetupasion.com\/index.php\/wp-json\/wp\/v2\/posts\/7639\/revisions\/7641"}],"wp:featuredmedia":[{"embeddable":true,"href":"https:\/\/sientetupasion.com\/index.php\/wp-json\/wp\/v2\/media\/7640"}],"wp:attachment":[{"href":"https:\/\/sientetupasion.com\/index.php\/wp-json\/wp\/v2\/media?parent=7639"}],"wp:term":[{"taxonomy":"category","embeddable":true,"href":"https:\/\/sientetupasion.com\/index.php\/wp-json\/wp\/v2\/categories?post=7639"},{"taxonomy":"post_tag","embeddable":true,"href":"https:\/\/sientetupasion.com\/index.php\/wp-json\/wp\/v2\/tags?post=7639"}],"curies":[{"name":"wp","href":"https:\/\/api.w.org\/{rel}","templated":true}]}}