{"id":7455,"date":"2025-03-20T20:31:28","date_gmt":"2025-03-21T02:31:28","guid":{"rendered":"https:\/\/sientetupasion.com\/?p=7455"},"modified":"2025-03-20T20:31:28","modified_gmt":"2025-03-21T02:31:28","slug":"conmemoran-en-el-senado-de-la-republica-219-aniversario-del-natalicio-de-benito-juarez","status":"publish","type":"post","link":"https:\/\/sientetupasion.com\/index.php\/2025\/03\/20\/conmemoran-en-el-senado-de-la-republica-219-aniversario-del-natalicio-de-benito-juarez\/","title":{"rendered":"Conmemoran en el Senado de la Rep\u00fablica 219 Aniversario del Natalicio de Benito Ju\u00e1rez"},"content":{"rendered":"<ul>\n<li><em><strong>Se trata de un personaje emblem\u00e1tico de la historia de M\u00e9xico, quien permaneci\u00f3 como titular del Poder Ejecutivo de 1858 a 1872.<\/strong><\/em><\/li>\n<\/ul>\n<p>Senadores de la Rep\u00fablica de distintos Grupos Parlamentarios conmemoraron el 219 aniversario del natalicio de Benito Ju\u00e1rez Garc\u00eda, quien ocupara la presidencia de M\u00e9xico, de 1858 a 1872.<\/p>\n<p>&nbsp;<\/p>\n<p>La presidenta en turno, Imelda Castro Castro refiri\u00f3 que Benito Ju\u00e1rez naci\u00f3 el 21 de marzo de 1806 y fue un pol\u00edtico mexicano, ind\u00edgena y abogado, quien despu\u00e9s de ocupar los cargos de gobernador del estado de Oaxaca y de presidente de la Suprema Corte de Justicia de la Naci\u00f3n, fue presidente de M\u00e9xico.<\/p>\n<p>&nbsp;<\/p>\n<p>La senadora record\u00f3 que tambi\u00e9n fue conocido como el Benem\u00e9rito de las Am\u00e9ricas por su lucha contra la invasi\u00f3n francesa. Adem\u00e1s, estableci\u00f3 las bases sobre las que se funda el Estado laico y la Rep\u00fablica Federal en M\u00e9xico.<\/p>\n<p>&nbsp;<\/p>\n<p>Durante el tiempo que permaneci\u00f3 como titular del Poder Ejecutivo Federal, impuls\u00f3 las Leyes de Reforma que establec\u00edan, entre otras cosas, la libertad de culto, la creaci\u00f3n del registro civil y la secularizaci\u00f3n de la beneficencia p\u00fablica.<\/p>\n<p>&nbsp;<\/p>\n<p>Al hacer uso de la palabra, Karina Isabel Ruiz Ruiz, de Morena, asegur\u00f3 que Benito Ju\u00e1rez es uno de los personajes m\u00e1s emblem\u00e1ticos de la historia de M\u00e9xico, por su extraordinaria capacidad de liderazgo y visi\u00f3n a favor de nuestra naci\u00f3n, as\u00ed como su incansable lucha por la dignidad, la justicia y la soberan\u00eda nacional, y porque sent\u00f3 las bases para la modernizaci\u00f3n del pa\u00eds, a trav\u00e9s de sus reformas liberales.<\/p>\n<p>&nbsp;<\/p>\n<p>Por su parte, Adriana Fuentes T\u00e9llez, del PAN, llam\u00f3 a cuestionarse si est\u00e1n a la altura del legado de Benito Ju\u00e1rez, si han defendido la Rep\u00fablica con la misma valent\u00eda con la que \u00e9l lo hizo, o permiten que el poder se concentre en unas manos y se imponga por encima del Estado de derecho. Honrarlo, dijo, significa actuar con la misma determinaci\u00f3n que \u00e9l actu\u00f3 cuando vio a M\u00e9xico en peligro, rechazar cualquier intento de socavar las instituciones democr\u00e1ticas y exigir transparencia.<\/p>\n<p>&nbsp;<\/p>\n<p>La senadora del PRI, Anabell \u00c1valos Zempoalteca, dijo que el Benem\u00e9rito de las Am\u00e9ricas se enfrent\u00f3 a un M\u00e9xico en construcci\u00f3n, con pobreza, rebeliones internas e invasiones extranjeras, \u201ccontexto que no ha cambiado mucho, porque actualmente persiste la violencia, se destruyeron instituciones como el Poder Judicial y tenemos una guerra comercial con Estados Unidos\u201d.<\/p>\n<p>&nbsp;<\/p>\n<p>Luis Alfonso Silva Romo, del PVEM refiri\u00f3 que, ante la intervenci\u00f3n francesa, Benito Ju\u00e1rez dio gala y muestra \u201cde la madera de la que est\u00e1n hechas las mexicanas y mexicanos\u201d, por lo que en este momento hist\u00f3rico contin\u00faa su legado, pues a\u00fan da lecciones a la reacci\u00f3n, dici\u00e9ndoles que \u201cpor m\u00e1s que vayan a ver emperadores y potencias extranjeras, la dignidad nacional siempre estar\u00e1 de pie\u201d.<\/p>\n","protected":false},"excerpt":{"rendered":"<p>Se trata de un personaje emblem\u00e1tico de la historia de M\u00e9xico, quien permaneci\u00f3 como titular del Poder Ejecutivo de 1858 a 1872. Senadores de la Rep\u00fablica<span class=\"excerpt-hellip\"> [\u2026]<\/span><\/p>\n","protected":false},"author":2,"featured_media":7456,"comment_status":"open","ping_status":"open","sticky":false,"template":"","format":"standard","meta":{"footnotes":""},"categories":[8],"tags":[],"class_list":["post-7455","post","type-post","status-publish","format-standard","has-post-thumbnail","hentry","category-politica"],"_links":{"self":[{"href":"https:\/\/sientetupasion.com\/index.php\/wp-json\/wp\/v2\/posts\/7455","targetHints":{"allow":["GET"]}}],"collection":[{"href":"https:\/\/sientetupasion.com\/index.php\/wp-json\/wp\/v2\/posts"}],"about":[{"href":"https:\/\/sientetupasion.com\/index.php\/wp-json\/wp\/v2\/types\/post"}],"author":[{"embeddable":true,"href":"https:\/\/sientetupasion.com\/index.php\/wp-json\/wp\/v2\/users\/2"}],"replies":[{"embeddable":true,"href":"https:\/\/sientetupasion.com\/index.php\/wp-json\/wp\/v2\/comments?post=7455"}],"version-history":[{"count":1,"href":"https:\/\/sientetupasion.com\/index.php\/wp-json\/wp\/v2\/posts\/7455\/revisions"}],"predecessor-version":[{"id":7457,"href":"https:\/\/sientetupasion.com\/index.php\/wp-json\/wp\/v2\/posts\/7455\/revisions\/7457"}],"wp:featuredmedia":[{"embeddable":true,"href":"https:\/\/sientetupasion.com\/index.php\/wp-json\/wp\/v2\/media\/7456"}],"wp:attachment":[{"href":"https:\/\/sientetupasion.com\/index.php\/wp-json\/wp\/v2\/media?parent=7455"}],"wp:term":[{"taxonomy":"category","embeddable":true,"href":"https:\/\/sientetupasion.com\/index.php\/wp-json\/wp\/v2\/categories?post=7455"},{"taxonomy":"post_tag","embeddable":true,"href":"https:\/\/sientetupasion.com\/index.php\/wp-json\/wp\/v2\/tags?post=7455"}],"curies":[{"name":"wp","href":"https:\/\/api.w.org\/{rel}","templated":true}]}}