{"id":7423,"date":"2025-03-20T08:40:37","date_gmt":"2025-03-20T14:40:37","guid":{"rendered":"https:\/\/sientetupasion.com\/?p=7423"},"modified":"2025-03-20T08:40:37","modified_gmt":"2025-03-20T14:40:37","slug":"mas-de-400-personas-participaran-en-conferencia-nacional-de-procuradores-de-proteccion-de-ninas-ninos-y-adolescentes","status":"publish","type":"post","link":"https:\/\/sientetupasion.com\/index.php\/2025\/03\/20\/mas-de-400-personas-participaran-en-conferencia-nacional-de-procuradores-de-proteccion-de-ninas-ninos-y-adolescentes\/","title":{"rendered":"M\u00e1s de 400 personas participar\u00e1n en Conferencia Nacional de Procuradores de Protecci\u00f3n de Ni\u00f1as, Ni\u00f1os y Adolescentes"},"content":{"rendered":"<p>\u25aa\ufe0f   Acudir\u00e1n tambi\u00e9n presidentas y presidentes honor\u00edficos de los sistemas estatales DIF, as\u00ed como delegados regionales<br \/>\n\u25aa\ufe0f   A trav\u00e9s de conferencias y mesas de trabajo, se abordar\u00e1n temas clave para fortalecer las estrategias en materia de ni\u00f1ez y adolescencia del pa\u00eds<\/p>\n<p>Zacatecas, Zac., 19 de marzo 2025.- Zacatecas ser\u00e1 sede de la 14va Conferencia Nacional de Procuradores de Protecci\u00f3n de Ni\u00f1as, Ni\u00f1os y Adolescentes, evento que se llevar\u00e1 a cabo en el mes de abril, donde se abordar\u00e1n temas claves para fortalecer las estrategias en materia de ni\u00f1ez y adolescencia del pa\u00eds.<\/p>\n<p>Este evento reunir\u00e1 a representantes de los 32 estados de la Rep\u00fablica, integrantes del Gobierno de M\u00e9xico, el Sistema Nacional para el Desarrollo Integral de la Familia (SNDIF), instituciones educativas, colegios de abogados, entre otros.<\/p>\n<p>El Procurador de Protecci\u00f3n de Ni\u00f1as, Ni\u00f1os, Adolescentes y Familia del Sistema Estatal para el Desarrollo Integral de la Familia (SEDIF), \u00c1lvaro Garc\u00eda Hern\u00e1ndez, destac\u00f3 que Zacatecas fue elegido gracias al esfuerzo que ha realizado el Gobierno del Estado, encabezado por el mandatario David Monreal \u00c1vila, as\u00ed como su esposa, la Presidenta Honor\u00edfica del SEDIF, Sara Hern\u00e1ndez de Monreal, en la implementaci\u00f3n de estrategias destinadas a mejorar las condiciones de vida de la ni\u00f1ez y adolescencia.<\/p>\n<p>Se espera la participaci\u00f3n de m\u00e1s de 400 personas, incluyendo procuradoras y procuradores de protecci\u00f3n de ni\u00f1as, ni\u00f1os y adolescentes, presidentas y presidentes honor\u00edficos y delegados regionales del pa\u00eds. <\/p>\n<p>A trav\u00e9s de conferencias y mesas de trabajo, se abordar\u00e1n temas clave como el funcionamiento de los centros de asistencia social, el tratamiento de ni\u00f1as, ni\u00f1os y adolescentes con problemas psiqui\u00e1tricos, as\u00ed como el respeto y garant\u00eda de los derechos de la ni\u00f1ez.<\/p>\n<p>El evento representa una oportunidad para fortalecer el trabajo interinstitucional y generar estrategias conjuntas que contribuyan a la protecci\u00f3n integral de la infancia y adolescencia en M\u00e9xico.<br \/>\n\u2014ooOoo\u2014<\/p>\n","protected":false},"excerpt":{"rendered":"<p>\u25aa\ufe0f Acudir\u00e1n tambi\u00e9n presidentas y presidentes honor\u00edficos de los sistemas estatales DIF, as\u00ed como delegados regionales \u25aa\ufe0f A trav\u00e9s de conferencias y mesas de trabajo, se<span class=\"excerpt-hellip\"> [\u2026]<\/span><\/p>\n","protected":false},"author":2,"featured_media":7424,"comment_status":"open","ping_status":"open","sticky":false,"template":"","format":"standard","meta":{"footnotes":""},"categories":[16],"tags":[],"class_list":["post-7423","post","type-post","status-publish","format-standard","has-post-thumbnail","hentry","category-zacatecas"],"_links":{"self":[{"href":"https:\/\/sientetupasion.com\/index.php\/wp-json\/wp\/v2\/posts\/7423","targetHints":{"allow":["GET"]}}],"collection":[{"href":"https:\/\/sientetupasion.com\/index.php\/wp-json\/wp\/v2\/posts"}],"about":[{"href":"https:\/\/sientetupasion.com\/index.php\/wp-json\/wp\/v2\/types\/post"}],"author":[{"embeddable":true,"href":"https:\/\/sientetupasion.com\/index.php\/wp-json\/wp\/v2\/users\/2"}],"replies":[{"embeddable":true,"href":"https:\/\/sientetupasion.com\/index.php\/wp-json\/wp\/v2\/comments?post=7423"}],"version-history":[{"count":1,"href":"https:\/\/sientetupasion.com\/index.php\/wp-json\/wp\/v2\/posts\/7423\/revisions"}],"predecessor-version":[{"id":7425,"href":"https:\/\/sientetupasion.com\/index.php\/wp-json\/wp\/v2\/posts\/7423\/revisions\/7425"}],"wp:featuredmedia":[{"embeddable":true,"href":"https:\/\/sientetupasion.com\/index.php\/wp-json\/wp\/v2\/media\/7424"}],"wp:attachment":[{"href":"https:\/\/sientetupasion.com\/index.php\/wp-json\/wp\/v2\/media?parent=7423"}],"wp:term":[{"taxonomy":"category","embeddable":true,"href":"https:\/\/sientetupasion.com\/index.php\/wp-json\/wp\/v2\/categories?post=7423"},{"taxonomy":"post_tag","embeddable":true,"href":"https:\/\/sientetupasion.com\/index.php\/wp-json\/wp\/v2\/tags?post=7423"}],"curies":[{"name":"wp","href":"https:\/\/api.w.org\/{rel}","templated":true}]}}