{"id":7405,"date":"2025-03-20T08:31:21","date_gmt":"2025-03-20T14:31:21","guid":{"rendered":"https:\/\/sientetupasion.com\/?p=7405"},"modified":"2025-03-20T08:31:21","modified_gmt":"2025-03-20T14:31:21","slug":"la-lucha-contra-la-desaparicion-de-personas-es-una-lucha-por-la-dignidad-humana-la-justicia-y-la-verdad-geovanna-banuelos","status":"publish","type":"post","link":"https:\/\/sientetupasion.com\/index.php\/2025\/03\/20\/la-lucha-contra-la-desaparicion-de-personas-es-una-lucha-por-la-dignidad-humana-la-justicia-y-la-verdad-geovanna-banuelos\/","title":{"rendered":"La lucha contra la desaparici\u00f3n de personas es una lucha por la dignidad humana, la justicia y la verdad: Geovanna Ba\u00f1uelos*"},"content":{"rendered":"<p>La lucha contra la desaparici\u00f3n de personas es una lucha por la dignidad humana, justicia y verdad, y quienes formamos parte de la Cuarta Transformaci\u00f3n actuamos con sensibilidad y empat\u00eda con quienes buscan a sus seres queridos, trabajando en estrecha coordinaci\u00f3n con los tres \u00f3rdenes de gobierno, asegur\u00f3 la senadora Geovanna Ba\u00f1uelos. <\/p>\n<p>Durante la discusi\u00f3n de la Agenda Pol\u00edtica referente al caso de Teuchitl\u00e1n, Jalisco, la vicecoordinadora del Grupo Parlamentario del Partido del Trabajo (GPPT) enfatiz\u00f3 que a diferencia del pasado, cuando la desaparici\u00f3n de personas era perpetrada por el Estado, hoy este delito est\u00e1 mayormente vinculado con la delincuencia organizada. <\/p>\n<p>Sin embargo, reconoci\u00f3 que es necesario redoblar los esfuerzos para prevenir, atender y sancionar las desapariciones con la fuerza del Estado y el marco de la ley.<\/p>\n<p>\u201cNos merecemos un M\u00e9xico libre de violencia, donde nuestras hijas e hijos puedan vislumbrar un mejor futuro, donde la cultura de la paz sea el eje transversal que permita una sana convivencia y donde todas y todos nos sintamos seguros\u201d, mencion\u00f3.<\/p>\n<p>Asimismo, a nombre del GPPT expres\u00f3 su solidaridad con cada familia de las personas desaparecidas, que d\u00eda a d\u00eda realizan una b\u00fasqueda inagotable, dolorosa, para encontrar a su familiar con vida. <\/p>\n<p>\u201cSabemos que esto provoca una profunda incertidumbre, zozobra, dolor, l\u00e1grimas de sangre. Respetamos su valent\u00eda, su determinaci\u00f3n y su lucha. Desde aqu\u00ed les decimos que no est\u00e1n solas y que no est\u00e1n solos. Estamos trabajando todos los d\u00edas de manera conjunta con los distintos \u00f3rdenes de gobierno, para pacificar de una vez por todas a nuestro pa\u00eds\u201d, subray\u00f3.<\/p>\n<p>En tribuna, Geovanna Ba\u00f1uelos record\u00f3 que este pa\u00eds lo recibieron destruido, saqueado, violento, con ba\u00f1os de sangre y fuego ocasionado por la mal llamada guerra contra el narcotr\u00e1fico, que comenz\u00f3 el espurio de Felipe Calder\u00f3n, pero paulatinamente lo est\u00e1n transformado con amor, con paz, con justicia social.<\/p>\n<p>En este sentido confi\u00f3 que la iniciativa de la Presidenta Claudia Sheinbaum Pardo, para atender el problema de las desapariciones con acciones concretas e inmediatas, ser\u00e1 aprobada por unanimidad. <\/p>\n<p>La l\u00edder parlamentaria detall\u00f3 que la propuesta presidencial plantea el fortalecimiento de la b\u00fasqueda, identificaci\u00f3n y justicia para las v\u00edctimas y para sus familias.<\/p>\n<p>Adem\u00e1s de consolidar el Certificado \u00danico de Registro de Poblaci\u00f3n como la fuente \u00fanica de identidad, facilitando la identificaci\u00f3n de personas desaparecidas. <\/p>\n<p>Se crear\u00e1 la Base Nacional \u00danica de Informaci\u00f3n Forense y la Plataforma Nacional de Identificaci\u00f3n Humana, que centralizar\u00e1n los datos necesarios para agilizar la localizaci\u00f3n de personas.<\/p>\n<p>Se implementar\u00e1 un mecanismo que permitir\u00e1 la activaci\u00f3n inmediata de una alerta de b\u00fasqueda en todas las corporaciones y entidades del pa\u00eds, eliminando la espera de 72 horas para abrir investigaciones. <\/p>\n<p>A esto se suma la equiparaci\u00f3n del delito de desaparici\u00f3n con el de secuestro, homologando penas y procedimientos de investigaci\u00f3n en todas las Fiscal\u00edas. <\/p>\n<p>Como parte de las medidas de transparencia y m\u00e1xima publicidad, se publicar\u00e1n mensualmente las cifras oficiales de carpetas de investigaci\u00f3n sobre desapariciones, garantizando el acceso a informaci\u00f3n clara y actualizada.<\/p>\n<p>\u201cEn el caso de Teuchitl\u00e1n, Jalisco, el Gobierno de M\u00e9xico ha dejado claro que no habr\u00e1 impunidad. Se ha solicitado la intervenci\u00f3n de la Fiscal\u00eda General de la Rep\u00fablica para garantizar una investigaci\u00f3n profunda y respaldada por evidencia cient\u00edfica\u201d, concluy\u00f3 Geovanna Ba\u00f1uelos.<\/p>\n","protected":false},"excerpt":{"rendered":"<p>La lucha contra la desaparici\u00f3n de personas es una lucha por la dignidad humana, justicia y verdad, y quienes formamos parte de la Cuarta Transformaci\u00f3n actuamos<span class=\"excerpt-hellip\"> [\u2026]<\/span><\/p>\n","protected":false},"author":2,"featured_media":7406,"comment_status":"open","ping_status":"open","sticky":false,"template":"","format":"standard","meta":{"footnotes":""},"categories":[8],"tags":[],"class_list":["post-7405","post","type-post","status-publish","format-standard","has-post-thumbnail","hentry","category-politica"],"_links":{"self":[{"href":"https:\/\/sientetupasion.com\/index.php\/wp-json\/wp\/v2\/posts\/7405","targetHints":{"allow":["GET"]}}],"collection":[{"href":"https:\/\/sientetupasion.com\/index.php\/wp-json\/wp\/v2\/posts"}],"about":[{"href":"https:\/\/sientetupasion.com\/index.php\/wp-json\/wp\/v2\/types\/post"}],"author":[{"embeddable":true,"href":"https:\/\/sientetupasion.com\/index.php\/wp-json\/wp\/v2\/users\/2"}],"replies":[{"embeddable":true,"href":"https:\/\/sientetupasion.com\/index.php\/wp-json\/wp\/v2\/comments?post=7405"}],"version-history":[{"count":1,"href":"https:\/\/sientetupasion.com\/index.php\/wp-json\/wp\/v2\/posts\/7405\/revisions"}],"predecessor-version":[{"id":7407,"href":"https:\/\/sientetupasion.com\/index.php\/wp-json\/wp\/v2\/posts\/7405\/revisions\/7407"}],"wp:featuredmedia":[{"embeddable":true,"href":"https:\/\/sientetupasion.com\/index.php\/wp-json\/wp\/v2\/media\/7406"}],"wp:attachment":[{"href":"https:\/\/sientetupasion.com\/index.php\/wp-json\/wp\/v2\/media?parent=7405"}],"wp:term":[{"taxonomy":"category","embeddable":true,"href":"https:\/\/sientetupasion.com\/index.php\/wp-json\/wp\/v2\/categories?post=7405"},{"taxonomy":"post_tag","embeddable":true,"href":"https:\/\/sientetupasion.com\/index.php\/wp-json\/wp\/v2\/tags?post=7405"}],"curies":[{"name":"wp","href":"https:\/\/api.w.org\/{rel}","templated":true}]}}