{"id":7399,"date":"2025-03-20T08:28:17","date_gmt":"2025-03-20T14:28:17","guid":{"rendered":"https:\/\/sientetupasion.com\/?p=7399"},"modified":"2025-03-20T08:28:17","modified_gmt":"2025-03-20T14:28:17","slug":"secretario-de-vinculacion-con-la-sociedad-civil-del-pri-tony-salazar-hablara-nuevamente-en-la-onu","status":"publish","type":"post","link":"https:\/\/sientetupasion.com\/index.php\/2025\/03\/20\/secretario-de-vinculacion-con-la-sociedad-civil-del-pri-tony-salazar-hablara-nuevamente-en-la-onu\/","title":{"rendered":"SECRETARIO DE VINCULACI\u00d3N CON LA SOCIEDAD CIVIL DEL PRI, TONY SALAZAR, HABLAR\u00c1 NUEVAMENTE EN LA ONU"},"content":{"rendered":"<p>El Secretario de Vinculaci\u00f3n con la Sociedad Civil del PRI, e Internacionalista por el Instituto Tecnol\u00f3gico Aut\u00f3nomo de M\u00e9xico (ITAM) representar\u00e1 a M\u00e9xico en el Foro Mundial de la Juventud del Consejo Econ\u00f3mico y Social de las Naciones Unidas en Nueva York. <\/p>\n<p>Este foro es el principal evento donde los  j\u00f3venes pueden hacer su contribuci\u00f3n a los debates sobre pol\u00edticas p\u00fablicas en las Naciones Unidas, al compartir ideas, soluciones e innovaciones. Re\u00fane a j\u00f3venes de todo el mundo, Jefes de Estado y l\u00edderes mundiales en la conversaci\u00f3n sobre las juventudes. <\/p>\n<p>El tema de este a\u00f1o ser\u00e1 \u201cJ\u00f3venes al frente: apuesta por el desarrollo econ\u00f3mico sostenible\u201d, tambi\u00e9n habr\u00e1 encuentros regionales y foros de debate para alcanzar los Objetivos de Desarrollo Sostenible de Salud y Bienestar (ODS 3), Equidad de G\u00e9nero (ODS 5), Trabajo Decente y Crecimiento Econ\u00f3mico (ODS), Vida Submarina (ODS 14) y Alianzas para Lograr los Objetivos (ODS 17). <\/p>\n<p>Invitado por el Presidente del Consejo Econ\u00f3mico y Social, Tony Salazar lleva la representaci\u00f3n del Grupo Mayor para los Ni\u00f1os y J\u00f3venes (UN MGCY) y de las juventudes mexicanas.<\/p>\n<p>&#8212;000&#8212;<\/p>\n","protected":false},"excerpt":{"rendered":"<p>El Secretario de Vinculaci\u00f3n con la Sociedad Civil del PRI, e Internacionalista por el Instituto Tecnol\u00f3gico Aut\u00f3nomo de M\u00e9xico (ITAM) representar\u00e1 a M\u00e9xico en el Foro<span class=\"excerpt-hellip\"> [\u2026]<\/span><\/p>\n","protected":false},"author":2,"featured_media":7400,"comment_status":"open","ping_status":"open","sticky":false,"template":"","format":"standard","meta":{"footnotes":""},"categories":[8],"tags":[],"class_list":["post-7399","post","type-post","status-publish","format-standard","has-post-thumbnail","hentry","category-politica"],"_links":{"self":[{"href":"https:\/\/sientetupasion.com\/index.php\/wp-json\/wp\/v2\/posts\/7399","targetHints":{"allow":["GET"]}}],"collection":[{"href":"https:\/\/sientetupasion.com\/index.php\/wp-json\/wp\/v2\/posts"}],"about":[{"href":"https:\/\/sientetupasion.com\/index.php\/wp-json\/wp\/v2\/types\/post"}],"author":[{"embeddable":true,"href":"https:\/\/sientetupasion.com\/index.php\/wp-json\/wp\/v2\/users\/2"}],"replies":[{"embeddable":true,"href":"https:\/\/sientetupasion.com\/index.php\/wp-json\/wp\/v2\/comments?post=7399"}],"version-history":[{"count":1,"href":"https:\/\/sientetupasion.com\/index.php\/wp-json\/wp\/v2\/posts\/7399\/revisions"}],"predecessor-version":[{"id":7401,"href":"https:\/\/sientetupasion.com\/index.php\/wp-json\/wp\/v2\/posts\/7399\/revisions\/7401"}],"wp:featuredmedia":[{"embeddable":true,"href":"https:\/\/sientetupasion.com\/index.php\/wp-json\/wp\/v2\/media\/7400"}],"wp:attachment":[{"href":"https:\/\/sientetupasion.com\/index.php\/wp-json\/wp\/v2\/media?parent=7399"}],"wp:term":[{"taxonomy":"category","embeddable":true,"href":"https:\/\/sientetupasion.com\/index.php\/wp-json\/wp\/v2\/categories?post=7399"},{"taxonomy":"post_tag","embeddable":true,"href":"https:\/\/sientetupasion.com\/index.php\/wp-json\/wp\/v2\/tags?post=7399"}],"curies":[{"name":"wp","href":"https:\/\/api.w.org\/{rel}","templated":true}]}}