{"id":7196,"date":"2025-03-19T07:53:32","date_gmt":"2025-03-19T13:53:32","guid":{"rendered":"https:\/\/sientetupasion.com\/?p=7196"},"modified":"2025-03-19T07:53:32","modified_gmt":"2025-03-19T13:53:32","slug":"la-presidenta-se-equivoca-cuando-afirma-que-todo-esto-es-una-campana-orquestada-para-desprestigiar-a-su-gobierno","status":"publish","type":"post","link":"https:\/\/sientetupasion.com\/index.php\/2025\/03\/19\/la-presidenta-se-equivoca-cuando-afirma-que-todo-esto-es-una-campana-orquestada-para-desprestigiar-a-su-gobierno\/","title":{"rendered":"La Presidenta se equivoca cuando afirma que \u201ctodo esto es una campa\u00f1a orquestada para desprestigiar a su gobierno\u201d."},"content":{"rendered":"<p>\u2022\t<\/p>\n<p>\u2022\tNo. La oposici\u00f3n no somos carro\u00f1eros, lo que no queremos es ser omisos e indiferentes ante un problema extremadamente sensible, un fen\u00f3meno creciente, que pone en peligro \u2013particularmente- a los j\u00f3venes y ni\u00f1os.<\/p>\n<p>\u2022\t\u00a1Se est\u00e1n registrando, en promedio, 40 desapariciones al d\u00eda! lo que significa un aumento del 60 por ciento en comparaci\u00f3n con el sexenio anterior.<\/p>\n<p>\u2022\t\u00a1De verdad no nos podemos quedar de \u201cbrazos cruzados\u201d! \u00a1Necesitamos contribuir para que esto no siga pasando! <\/p>\n<p>\u2022\tLa propuesta del PAN ah\u00ed est\u00e1. Hoy no se vot\u00f3 en la JUCOPO porque -a decir de su presidente- \u201cse analizar\u00e1 con mayor detenimiento\u201d.<\/p>\n<p>\u2022\tYo espero que, de verdad se analice y que no se guarde en el caj\u00f3n del sue\u00f1o legislativo porque las y los ciudadanos nos lo recriminar\u00edan.<\/p>\n<p>\u2022\tNecesitamos sumarnos al esfuerzo de un M\u00e9xico seguro en donde la juventud y los ni\u00f1os puedan tener futuro.<\/p>\n<p>*Palacio Legislativo de San L\u00e1zaro a 18 de marzo de 2025*<br \/>\n*MENSAJE DE LA VICECOORDINADORA GENERAL DEL GRUPO PARLAMENTARIO DEL PARTIDO ACCI\u00d3N NACIONAL, NOEM\u00cd BERENICE LUNA AYALA, RELATIVO A LA PRESENTACI\u00d3N DE INICIATIVA PARA QUE SE CONFORME EN ESTE RECINTO, UNA COMISION ESPECIAL PARA LA B\u00daSQUEDA DE LA VERDAD Y PERSONAS DESAPARECIDAS.*<\/p>\n<p>Hoy, como cada semana, tuvimos la reuni\u00f3n de la Junta de Coordinaci\u00f3n Pol\u00edtica de la C\u00e1mara de Diputados y, a nombre de las y los diputados del PAN, present\u00e9 una propuesta para que fuera sometida a este \u00f3rgano de gobierno.<\/p>\n<p>La intenci\u00f3n de la propuesta, es que se forme, que se cree una Comisi\u00f3n Especial para la b\u00fasqueda de la verdad y las personas desaparecidas en M\u00e9xico.<\/p>\n<p>El objeto es clar\u00edsimo: Lo indica el nombre que le estamos proponiendo a la Comisi\u00f3n, es la b\u00fasqueda de la verdad de un fen\u00f3meno extremadamente doloroso para el pa\u00eds.<\/p>\n<p>\u00a1Ya s\u00e9! Habr\u00e1 quienes digan \u201c\u00bfpor qu\u00e9 una Comisi\u00f3n legislativa?\u201d \u00a1Porque las y los diputados no podemos ser omisos ante el dolor de 124 mil 276 familias!<\/p>\n<p>Estas son las familias que se tienen registradas que tienen a un ser querido desaparecido, y ya hay antecedentes al respecto:<\/p>\n<p>En septiembre del 2015, la C\u00e1mara de Diputados conform\u00f3 una \u201cComisi\u00f3n Especial para el caso de Ayotzinapa\u201d.<\/p>\n<p>Nosotros proponemos que sea una comisi\u00f3n plural, que no se politice, que haya un diputado o diputada integrante de cada grupo parlamentario; que mantenga comunicaci\u00f3n con la Comisi\u00f3n Nacional de B\u00fasqueda (que, de por s\u00ed, ya est\u00e1 muy mermada), y aqu\u00ed hago un par\u00e9ntesis: \u00a1Ha sufrido recortes presupuestarios de cerca del 30 por ciento en promedio cada a\u00f1o desde el 2019! \u00a1Recortes que van sobre lo ya recortado!<\/p>\n<p>Pero, bueno, proponemos que esta Comisi\u00f3n tambi\u00e9n tenga comunicaci\u00f3n con las comisiones de b\u00fasqueda locales, con la Fiscal\u00eda General de la Rep\u00fablica y las fiscal\u00edas locales, por supuesto; con gobiernos estatales municipales \u00a1y con los colectivos de madres y padres buscadores! para compartir informaci\u00f3n y coordinar la realizaci\u00f3n de b\u00fasqueda de centros de exterminio y fosas clandestinas.<\/p>\n<p>Porque seg\u00fan investigaciones como la de \u201cQuinto Elemento\u201d, \u00a1hasta el 2023 ya eran 5 mil 696 las fosas que exist\u00edan en este pa\u00eds! y de verdad, la Presidenta se equivoca cuando afirma que \u201ctodo esto es una campa\u00f1a orquestada para desprestigiar a su gobierno\u201d.<\/p>\n<p>No. La oposici\u00f3n no somos carro\u00f1eros, lo que no queremos es ser omisos e indiferentes ante un problema extremadamente sensible, un fen\u00f3meno creciente, que pone en peligro \u2013particularmente- a los j\u00f3venes y ni\u00f1os.<\/p>\n<p>\u00a1Se est\u00e1n registrando, en promedio, 40 desapariciones al d\u00eda! lo que significa un aumento del 60 por ciento en comparaci\u00f3n con el sexenio anterior.<\/p>\n<p>\u00a1De verdad no nos podemos quedar de \u201cbrazos cruzados\u201d! \u00a1Necesitamos contribuir para que esto no siga pasando! <\/p>\n<p>La propuesta del PAN ah\u00ed est\u00e1. Hoy no se vot\u00f3 en la JUCOPO porque -a decir de su presidente- \u201cse analizar\u00e1 con mayor detenimiento\u201d.<\/p>\n<p>Yo espero que, de verdad se analice y que no se guarde en el caj\u00f3n del sue\u00f1o legislativo porque las y los ciudadanos nos lo recriminar\u00edan.<\/p>\n<p>Necesitamos sumarnos al esfuerzo de un M\u00e9xico seguro en donde la juventud y los ni\u00f1os puedan tener futuro.<\/p>\n<p>*#SoyResistencia*<\/p>\n<p>*oooOooo*<\/p>\n","protected":false},"excerpt":{"rendered":"<p>\u2022 \u2022 No. La oposici\u00f3n no somos carro\u00f1eros, lo que no queremos es ser omisos e indiferentes ante un problema extremadamente sensible, un fen\u00f3meno creciente, que<span class=\"excerpt-hellip\"> [\u2026]<\/span><\/p>\n","protected":false},"author":2,"featured_media":7197,"comment_status":"open","ping_status":"open","sticky":false,"template":"","format":"standard","meta":{"footnotes":""},"categories":[8],"tags":[],"class_list":["post-7196","post","type-post","status-publish","format-standard","has-post-thumbnail","hentry","category-politica"],"_links":{"self":[{"href":"https:\/\/sientetupasion.com\/index.php\/wp-json\/wp\/v2\/posts\/7196","targetHints":{"allow":["GET"]}}],"collection":[{"href":"https:\/\/sientetupasion.com\/index.php\/wp-json\/wp\/v2\/posts"}],"about":[{"href":"https:\/\/sientetupasion.com\/index.php\/wp-json\/wp\/v2\/types\/post"}],"author":[{"embeddable":true,"href":"https:\/\/sientetupasion.com\/index.php\/wp-json\/wp\/v2\/users\/2"}],"replies":[{"embeddable":true,"href":"https:\/\/sientetupasion.com\/index.php\/wp-json\/wp\/v2\/comments?post=7196"}],"version-history":[{"count":1,"href":"https:\/\/sientetupasion.com\/index.php\/wp-json\/wp\/v2\/posts\/7196\/revisions"}],"predecessor-version":[{"id":7198,"href":"https:\/\/sientetupasion.com\/index.php\/wp-json\/wp\/v2\/posts\/7196\/revisions\/7198"}],"wp:featuredmedia":[{"embeddable":true,"href":"https:\/\/sientetupasion.com\/index.php\/wp-json\/wp\/v2\/media\/7197"}],"wp:attachment":[{"href":"https:\/\/sientetupasion.com\/index.php\/wp-json\/wp\/v2\/media?parent=7196"}],"wp:term":[{"taxonomy":"category","embeddable":true,"href":"https:\/\/sientetupasion.com\/index.php\/wp-json\/wp\/v2\/categories?post=7196"},{"taxonomy":"post_tag","embeddable":true,"href":"https:\/\/sientetupasion.com\/index.php\/wp-json\/wp\/v2\/tags?post=7196"}],"curies":[{"name":"wp","href":"https:\/\/api.w.org\/{rel}","templated":true}]}}