{"id":7063,"date":"2025-03-14T21:51:47","date_gmt":"2025-03-15T03:51:47","guid":{"rendered":"https:\/\/sientetupasion.com\/?p=7063"},"modified":"2025-03-14T21:51:47","modified_gmt":"2025-03-15T03:51:47","slug":"arranca-gobierno-de-zacatecas-primera-edicion-del-reciclon-2025","status":"publish","type":"post","link":"https:\/\/sientetupasion.com\/index.php\/2025\/03\/14\/arranca-gobierno-de-zacatecas-primera-edicion-del-reciclon-2025\/","title":{"rendered":"Arranca Gobierno de Zacatecas primera edici\u00f3n del Recicl\u00f3n 2025"},"content":{"rendered":"<p>\u25aa\ufe0f   A trav\u00e9s de SAMA realizar\u00e1 esta campa\u00f1a del 13 al 15 de marzo, con horario de 8:30 a 15:30 horas<br \/>\n\u25aa\ufe0f   Los puntos de acopio son: Ecoparque Centenario \u201cToma de Zacatecas\u201d; estacionamiento de Walmart y Colegio de Arquitectos de Zacatecas A.C.<\/p>\n<p>Zacatecas, Zac., 13 de marzo de 2025.- Con el objeto de evitar que los residuos electr\u00f3nicos lleguen a los tiraderos o rellenos sanitarios y contaminen severamente el medio ambiente, el Gobierno de Zacatecas, que encabeza el mandatario estatal David Monreal \u00c1vila, a trav\u00e9s de la Secretar\u00eda del Agua y Medio Ambiente (SAMA), arranc\u00f3 la primera edici\u00f3n del Recicl\u00f3n 2025, de cara a la implementaci\u00f3n de una econom\u00eda circular para consolidar el bienestar del medio ambiente y de la salud p\u00fablica de las y los zacatecanos.  <\/p>\n<p>La titular de la SAMA, Susana Rodr\u00edguez M\u00e1rquez, inform\u00f3 que los residuos electr\u00f3nicos, al llegar a los tiraderos a cielo abierto, se convierten en basura que, al mezclarse con el resto, liberan sustancias de los metales pesados, que forman parte de la composici\u00f3n de los equipos electr\u00f3nicos, y que contribuyen a la producci\u00f3n de lixiviados que, al filtrarse en el suelo, son absorbidos por el subsuelo, contaminando gravemente los mantos acu\u00edferos. <\/p>\n<p>Por lo anterior, la funcionaria se pronunci\u00f3 a favor de un planeta sano; asever\u00f3 que, con la consolidaci\u00f3n de una educaci\u00f3n ambiental efectiva de la sociedad, se lograr\u00e1 que esta campa\u00f1a ambiental se convierta en una pr\u00e1ctica cotidiana en los hogares; los electr\u00f3nicos que son residuos de manejo especial tendr\u00e1n, de manera permanente, un tratamiento final adecuado, conforme lo marca la norma oficial mexicana NOM\u2010161\u2010SEMARNAT\u20102011.<\/p>\n<p>Susana Rodr\u00edguez M\u00e1rquez enfatiz\u00f3 sobre la importancia de implementar la econom\u00eda circular, sistema que permite que los desechos de manejo especial se reutilicen, reparen, renueven y reciclen de manera integral y no \u00fanicamente se aplique el tradicional modelo lineal de producci\u00f3n que comprende extraer, producir, consumir y desechar, sino que, en el nuevo modelo, no se genera basura, todo se transforma y se reutiliza.     <\/p>\n<p>La campa\u00f1a ambiental tiene el prop\u00f3sito de concientizar a la poblaci\u00f3n sobre el consumo excesivo de electr\u00f3nicos que, al ser desechados, aceleran el calentamiento global; para contrarrestar los efectos que generan estos aparatos, se realiza la recolecci\u00f3n de estos residuos.<\/p>\n<p>En las tres \u00faltimas ediciones del Recicl\u00f3n, se acopiaron 420 toneladas, lo que equivale a 292 mil toneladas de di\u00f3xido de carbono (CO2), que fueron eliminadas en la atmosfera.  <\/p>\n<p>En el arranque del Recicl\u00f3n 2025, el director de Educaci\u00f3n Ambiental, Alejandro D\u00edaz Rivera, agradeci\u00f3 la participaci\u00f3n de los ayuntamientos de Pinos y Juan Aldama, grupo Modelo, la Secretar\u00eda de Administraci\u00f3n y las familias que acudieron este primer d\u00eda a llevar los residuos electr\u00f3nicos; durante las primeras horas del banderazo, se acumularon m\u00e1s de 25 toneladas.   <\/p>\n<p>D\u00edaz Rivera invit\u00f3 a la ciudadan\u00eda a participar en el Recicl\u00f3n 2025 y poder superar la meta de 162 toneladas de electr\u00f3nicos y electrodom\u00e9sticos acopiados en la edici\u00f3n anterior, los cuales tuvieron un reciclaje integral a cargo de la empresa SunTech Recycle M\u00e9xico S. A. de C. V.  <\/p>\n<p>La campa\u00f1a estar\u00e1 del 13 al 15 de marzo, con un horario de 8:30 a 15:30 horas; se contar\u00e1 con tres puntos de acopio: en las instalaciones del Ecoparque Centenario \u201cToma de Zacatecas\u201d, ubicado en vialidad Vetagrande sin n\u00famero; en el estacionamiento de Walmart, con direcci\u00f3n en Francisco Garc\u00eda Salinas 203, colonia Club Campestre, Zacatecas; as\u00ed como en el centro permanente en Colegio de Arquitectos de Zacatecas, ubicado en avenida Pedro Coronel 7, fraccionamiento de las Dependencias Federales, Guadalupe, Zacatecas. <\/p>\n<p>Se recibir\u00e1n computadoras de escritorio, port\u00e1tiles, tabletas, mousse, celulares, teclados, accesorios de celulares, tel\u00e9fonos fijos y fax, microondas, tostadoras, impresoras, televisiones, planchas (de ropa y cabello), scanner, multifuncionales, consolas de videojuegos, video proyectores y video caseteras, discos duros y unidades de lectura, reguladores de voltaje, servidores y equipos de red (routers, m\u00f3dems, etc.) cables y pilas. <\/p>\n<p>No se recibir\u00e1 cualquier otro material reciclable que no sea electr\u00f3nico, como madera, vidrio, pl\u00e1stico, metal, etc\u00e9tera.<\/p>\n<p>\u2014ooOoo\u2014<\/p>\n","protected":false},"excerpt":{"rendered":"<p>\u25aa\ufe0f A trav\u00e9s de SAMA realizar\u00e1 esta campa\u00f1a del 13 al 15 de marzo, con horario de 8:30 a 15:30 horas \u25aa\ufe0f Los puntos de acopio<span class=\"excerpt-hellip\"> [\u2026]<\/span><\/p>\n","protected":false},"author":2,"featured_media":7064,"comment_status":"open","ping_status":"open","sticky":false,"template":"","format":"standard","meta":{"footnotes":""},"categories":[16],"tags":[],"class_list":["post-7063","post","type-post","status-publish","format-standard","has-post-thumbnail","hentry","category-zacatecas"],"_links":{"self":[{"href":"https:\/\/sientetupasion.com\/index.php\/wp-json\/wp\/v2\/posts\/7063","targetHints":{"allow":["GET"]}}],"collection":[{"href":"https:\/\/sientetupasion.com\/index.php\/wp-json\/wp\/v2\/posts"}],"about":[{"href":"https:\/\/sientetupasion.com\/index.php\/wp-json\/wp\/v2\/types\/post"}],"author":[{"embeddable":true,"href":"https:\/\/sientetupasion.com\/index.php\/wp-json\/wp\/v2\/users\/2"}],"replies":[{"embeddable":true,"href":"https:\/\/sientetupasion.com\/index.php\/wp-json\/wp\/v2\/comments?post=7063"}],"version-history":[{"count":1,"href":"https:\/\/sientetupasion.com\/index.php\/wp-json\/wp\/v2\/posts\/7063\/revisions"}],"predecessor-version":[{"id":7065,"href":"https:\/\/sientetupasion.com\/index.php\/wp-json\/wp\/v2\/posts\/7063\/revisions\/7065"}],"wp:featuredmedia":[{"embeddable":true,"href":"https:\/\/sientetupasion.com\/index.php\/wp-json\/wp\/v2\/media\/7064"}],"wp:attachment":[{"href":"https:\/\/sientetupasion.com\/index.php\/wp-json\/wp\/v2\/media?parent=7063"}],"wp:term":[{"taxonomy":"category","embeddable":true,"href":"https:\/\/sientetupasion.com\/index.php\/wp-json\/wp\/v2\/categories?post=7063"},{"taxonomy":"post_tag","embeddable":true,"href":"https:\/\/sientetupasion.com\/index.php\/wp-json\/wp\/v2\/tags?post=7063"}],"curies":[{"name":"wp","href":"https:\/\/api.w.org\/{rel}","templated":true}]}}