{"id":7060,"date":"2025-03-14T21:50:53","date_gmt":"2025-03-15T03:50:53","guid":{"rendered":"https:\/\/sientetupasion.com\/?p=7060"},"modified":"2025-03-14T21:50:53","modified_gmt":"2025-03-15T03:50:53","slug":"fortalecen-gobernadores-de-la-zona-occidente-de-mexico-la-cooperacion-en-materia-de-seguridad","status":"publish","type":"post","link":"https:\/\/sientetupasion.com\/index.php\/2025\/03\/14\/fortalecen-gobernadores-de-la-zona-occidente-de-mexico-la-cooperacion-en-materia-de-seguridad\/","title":{"rendered":"Fortalecen Gobernadores de la Zona Occidente de M\u00e9xico la cooperaci\u00f3n en materia de seguridad"},"content":{"rendered":"<p>\u25aa\ufe0f   Acude Gobernador de Zacatecas, David Monreal \u00c1vila a reuni\u00f3n con sus hom\u00f3logos de Aguascalientes, Mar\u00eda Teresa Jim\u00e9nez Esquivel; Colima, Indira Vizca\u00edno Silva; Jalisco, Jes\u00fas Pablo Lemus Navarro, y Nayarit, Miguel \u00c1ngel Navarro Quintero<br \/>\n\u25aa\ufe0f   Dan seguimiento a la estrategia conjunta y a los acuerdos de la Primera Reuni\u00f3n de Gobernadores celebrada en Zacatecas en el mes de enero <\/p>\n<p>Aguascalientes, Ags., 13 de marzo de 2025.- Con el objetivo de reforzar el trabajo de cooperaci\u00f3n en materia de seguridad, se llev\u00f3 a cabo la Segunda Reuni\u00f3n de Gobernadores de la Zona Occidente de M\u00e9xico en el estado de Aguascalientes, donde se da seguimiento a la estrategia conjunta con el Gobierno de M\u00e9xico para la pacificaci\u00f3n de la regi\u00f3n. <\/p>\n<p>Asimismo, se da seguimiento a los acuerdos de la reuni\u00f3n realizada en Zacatecas en el pasado mes de enero, en la que las y los mandatarios refrendaron su compromiso con la Estrategia Nacional de Seguridad impulsada por la Presidenta de M\u00e9xico, Claudia Sheinbaum Pardo, para garantizar el bienestar de la poblaci\u00f3n.<\/p>\n<p>El encuentro realizado en las instalaciones del 4\u00ba Regimiento Mecanizado en la capital del estado vecino, al que asisti\u00f3 el mandatario zacatecano David Monreal \u00c1vila, cont\u00f3 con la presencia de los gobernadores de Aguascalientes, Mar\u00eda Teresa Jim\u00e9nez Esquivel, como anfitriona; Colima, Indira Vizca\u00edno Silva; Jalisco, Jes\u00fas Pablo Lemus Navarro, y de Nayarit, Miguel \u00c1ngel Navarro Quintero.<\/p>\n<p>Estuvieron tambi\u00e9n Miguel \u00c1ngel Hern\u00e1ndez Mart\u00ednez, comandante de la V Regi\u00f3n Militar, y por parte de Zacatecas el Secretario de Seguridad P\u00fablica Arturo Medina Mayoral; el Comandante de la D\u00e9cimo primera Zona Militar, Isaac Bravo L\u00f3pez; el Fiscal General de Justicia del Estado, Cristian Paul Camacho Osnaya; el Jefe de Estaci\u00f3n del Centro Nacional de Inteligencia, Carlos Moreno S\u00e1nchez, y el Secretario T\u00e9cnico de la Mesa de Construcci\u00f3n de Paz, Oswaldo Cerrillo Garza.<\/p>\n<p>En esta Segunda Reuni\u00f3n de Gobernadores de la Zona Occidente de M\u00e9xico se manifest\u00f3 el acuerdo un\u00e1nime de fortalecer la cooperaci\u00f3n interestatal en materia de seguridad, toda vez que los mandatarios coincidieron en que el intercambio de estrategias y el trabajo coordinado son esenciales para enfrentar los retos regionales y garantizar la paz y el desarrollo cada uno de los estados.<\/p>\n<p>As\u00ed como el tema del fortalecimiento de las medidas de seguridad en las fronteras y carreteras que conectan a las entidades a la vez que se revisan los avances de las estrategias acordadas en la primera reuni\u00f3n, celebrada en Villanueva, Zacatecas, con lo que se definieron nuevas acciones para mejorar los operativos conjuntos en la zona.<\/p>\n<p>Tambi\u00e9n se intercambiaron experiencias y estrategias para enfrentar los desaf\u00edos comunes en materia de seguridad, destacando la importancia de la colaboraci\u00f3n regional como pilar fundamental para la construcci\u00f3n de la paz.<\/p>\n<p>\u2014ooOoo\u2014<\/p>\n","protected":false},"excerpt":{"rendered":"<p>\u25aa\ufe0f Acude Gobernador de Zacatecas, David Monreal \u00c1vila a reuni\u00f3n con sus hom\u00f3logos de Aguascalientes, Mar\u00eda Teresa Jim\u00e9nez Esquivel; Colima, Indira Vizca\u00edno Silva; Jalisco, Jes\u00fas Pablo<span class=\"excerpt-hellip\"> [\u2026]<\/span><\/p>\n","protected":false},"author":2,"featured_media":7061,"comment_status":"open","ping_status":"open","sticky":false,"template":"","format":"standard","meta":{"footnotes":""},"categories":[16],"tags":[],"class_list":["post-7060","post","type-post","status-publish","format-standard","has-post-thumbnail","hentry","category-zacatecas"],"_links":{"self":[{"href":"https:\/\/sientetupasion.com\/index.php\/wp-json\/wp\/v2\/posts\/7060","targetHints":{"allow":["GET"]}}],"collection":[{"href":"https:\/\/sientetupasion.com\/index.php\/wp-json\/wp\/v2\/posts"}],"about":[{"href":"https:\/\/sientetupasion.com\/index.php\/wp-json\/wp\/v2\/types\/post"}],"author":[{"embeddable":true,"href":"https:\/\/sientetupasion.com\/index.php\/wp-json\/wp\/v2\/users\/2"}],"replies":[{"embeddable":true,"href":"https:\/\/sientetupasion.com\/index.php\/wp-json\/wp\/v2\/comments?post=7060"}],"version-history":[{"count":1,"href":"https:\/\/sientetupasion.com\/index.php\/wp-json\/wp\/v2\/posts\/7060\/revisions"}],"predecessor-version":[{"id":7062,"href":"https:\/\/sientetupasion.com\/index.php\/wp-json\/wp\/v2\/posts\/7060\/revisions\/7062"}],"wp:featuredmedia":[{"embeddable":true,"href":"https:\/\/sientetupasion.com\/index.php\/wp-json\/wp\/v2\/media\/7061"}],"wp:attachment":[{"href":"https:\/\/sientetupasion.com\/index.php\/wp-json\/wp\/v2\/media?parent=7060"}],"wp:term":[{"taxonomy":"category","embeddable":true,"href":"https:\/\/sientetupasion.com\/index.php\/wp-json\/wp\/v2\/categories?post=7060"},{"taxonomy":"post_tag","embeddable":true,"href":"https:\/\/sientetupasion.com\/index.php\/wp-json\/wp\/v2\/tags?post=7060"}],"curies":[{"name":"wp","href":"https:\/\/api.w.org\/{rel}","templated":true}]}}