{"id":7041,"date":"2025-03-14T21:36:22","date_gmt":"2025-03-15T03:36:22","guid":{"rendered":"https:\/\/sientetupasion.com\/?p=7041"},"modified":"2025-03-14T21:36:22","modified_gmt":"2025-03-15T03:36:22","slug":"otra-vez-morena-y-verde-dan-la-espalda-a-la-banda-del-estado-y-su-director","status":"publish","type":"post","link":"https:\/\/sientetupasion.com\/index.php\/2025\/03\/14\/otra-vez-morena-y-verde-dan-la-espalda-a-la-banda-del-estado-y-su-director\/","title":{"rendered":"OTRA VEZ MORENA Y VERDE DAN LA ESPALDA A LA BANDA DEL ESTADO Y SU DIRECTOR*"},"content":{"rendered":"<p>En un v\u00eddeo difundido ayer por el Presidente estatal del PRI, Carlos Pe\u00f1a Badillo, demostr\u00f3 que tanto Morena como el Partido Verde salieron ayer por la puerta de atr\u00e1s en la LXV Legislatura, cuando la fracci\u00f3n priista pidi\u00f3 resolver el tema de la Banda del Estado y su Director acusado injustificadamente.<\/p>\n<p>Al no haber qu\u00f3rum legal para llevar a cabo la sesi\u00f3n de trabajo, Pe\u00f1a Badillo subray\u00f3 que con estas acciones queda muy claro que en temas como este Morena y sus aliados no tienen capacidad para defender, y mucho menos para enfrentar los verdaderos problemas torales que tienen M\u00e9xico y Zacatecas. <\/p>\n<p>Que f\u00e1cil hubiera sido quedarse a defender y argumentar por qu\u00e9 el ataque, el maltrato y la afectaci\u00f3n a los derechos laborales de las y los integrantes de la Banda del Estado, as\u00ed como a su exdirector Salvador Garc\u00eda y Ortega, indic\u00f3.<\/p>\n<p>En este sentido, el dirigente estatal priista agradeci\u00f3 a las Diputadas y Diputados del PRI, PAN, PRD, PT y Movimiento Ciudadano por defender y acompa\u00f1ar las causas y derechos de las y los trabajadores de la Banda del Estado, as\u00ed como al Maestro Salvador Garc\u00eda y Ortega, quien lo \u00fanico hizo fue poner en alto el nombre del Estado, su cultura y su tradici\u00f3n.<\/p>\n<p>Finalmente, enfatiz\u00f3 que con el silencio y la ausencia queda claro que los que no tienen la raz\u00f3n est\u00e1n del otro lado, porque dijo, no es posible que no se d\u00e9 la cara y que se prefiera salir por la puerta de atr\u00e1s para no enfrentar un tema que lo \u00fanico que necesitaba eran argumentos.<\/p>\n<p>&#8212;000&#8212;<\/p>\n","protected":false},"excerpt":{"rendered":"<p>En un v\u00eddeo difundido ayer por el Presidente estatal del PRI, Carlos Pe\u00f1a Badillo, demostr\u00f3 que tanto Morena como el Partido Verde salieron ayer por la<span class=\"excerpt-hellip\"> [\u2026]<\/span><\/p>\n","protected":false},"author":2,"featured_media":7042,"comment_status":"open","ping_status":"open","sticky":false,"template":"","format":"standard","meta":{"footnotes":""},"categories":[8],"tags":[],"class_list":["post-7041","post","type-post","status-publish","format-standard","has-post-thumbnail","hentry","category-politica"],"_links":{"self":[{"href":"https:\/\/sientetupasion.com\/index.php\/wp-json\/wp\/v2\/posts\/7041","targetHints":{"allow":["GET"]}}],"collection":[{"href":"https:\/\/sientetupasion.com\/index.php\/wp-json\/wp\/v2\/posts"}],"about":[{"href":"https:\/\/sientetupasion.com\/index.php\/wp-json\/wp\/v2\/types\/post"}],"author":[{"embeddable":true,"href":"https:\/\/sientetupasion.com\/index.php\/wp-json\/wp\/v2\/users\/2"}],"replies":[{"embeddable":true,"href":"https:\/\/sientetupasion.com\/index.php\/wp-json\/wp\/v2\/comments?post=7041"}],"version-history":[{"count":1,"href":"https:\/\/sientetupasion.com\/index.php\/wp-json\/wp\/v2\/posts\/7041\/revisions"}],"predecessor-version":[{"id":7043,"href":"https:\/\/sientetupasion.com\/index.php\/wp-json\/wp\/v2\/posts\/7041\/revisions\/7043"}],"wp:featuredmedia":[{"embeddable":true,"href":"https:\/\/sientetupasion.com\/index.php\/wp-json\/wp\/v2\/media\/7042"}],"wp:attachment":[{"href":"https:\/\/sientetupasion.com\/index.php\/wp-json\/wp\/v2\/media?parent=7041"}],"wp:term":[{"taxonomy":"category","embeddable":true,"href":"https:\/\/sientetupasion.com\/index.php\/wp-json\/wp\/v2\/categories?post=7041"},{"taxonomy":"post_tag","embeddable":true,"href":"https:\/\/sientetupasion.com\/index.php\/wp-json\/wp\/v2\/tags?post=7041"}],"curies":[{"name":"wp","href":"https:\/\/api.w.org\/{rel}","templated":true}]}}