{"id":7022,"date":"2025-03-13T16:41:07","date_gmt":"2025-03-13T22:41:07","guid":{"rendered":"https:\/\/sientetupasion.com\/?p=7022"},"modified":"2025-03-13T16:41:07","modified_gmt":"2025-03-13T22:41:07","slug":"reclama-noemi-luna-ausencia-de-la-cndh-en-desapariciones-forzadas-emplaza-a-sheinbaum-a-responder-exhortos-de-onu","status":"publish","type":"post","link":"https:\/\/sientetupasion.com\/index.php\/2025\/03\/13\/reclama-noemi-luna-ausencia-de-la-cndh-en-desapariciones-forzadas-emplaza-a-sheinbaum-a-responder-exhortos-de-onu\/","title":{"rendered":"RECLAMA NOEM\u00cd LUNA, AUSENCIA DE LA CNDH EN DESAPARICIONES FORZADAS. EMPLAZA A SHEINBAUM A RESPONDER EXHORTOS DE ONU*"},"content":{"rendered":"<p>\u2022\tDesde 2022, el Comit\u00e9 contra las Desapariciones Forzadas de la ONU emiti\u00f3 recomendaciones donde insta al Estado Mexicano a crear una \u201cPol\u00edtica Nacional de Prevenci\u00f3n y Erradicaci\u00f3n de las Desapariciones\u201d; pero no lo ha hecho<br \/>\n\u2022\tEn septiembre de 2023 expertos de la ONU evaluaron los pasos dados por el gobierno \u2013entonces de AMLO- quien no concret\u00f3 una pol\u00edtica nacional sostenida y, en cambio, persiste una ausencia total de rendici\u00f3n de cuentas<br \/>\n\u2022\tLlama a apoyar convocatoria nacional para visibilizar desapariciones forzadas y rezago forense, este 15 de marzo a las 17:00 horas en Z\u00f3calo de la CDMX y diversas plazas en estados como Zacatecas; Coahuila; Nuevo Le\u00f3n; Jalisco; Colima y otras<\/p>\n<p>Noem\u00ed Luna Ayala, Vicecoordinadora General del Grupo Parlamentario del Partido Acci\u00f3n Nacional en la C\u00e1mara de Diputados, reproch\u00f3 la ausencia de la Comisi\u00f3n Nacional de los Derechos Humanos ante el descubrimiento del campo de exterminio de Teuchitl\u00e1n, Jalisco, en el que fueron halladas pertenencias de cientos de mexicanos ultimados por el crimen organizado.<\/p>\n<p>Y en este contexto, la legisladora federal emplaz\u00f3 al gobierno de Claudia Sheinbaum Pardo a demostrar que su gobierno no est\u00e1 aliado con los narcotraficantes y responda al Comit\u00e9 contra las Desapariciones Forzadas (CED) de las Naciones Unidas que, desde 2022 emiti\u00f3 un informe amplio donde sostuvo que: \u201clas desapariciones en M\u00e9xico contin\u00faan siendo generalizadas en gran parte del territorio\u201d.<\/p>\n<p>\u201cEs incre\u00edble que \u2013ante las evidencias- la presidenta intente evadir los llamamientos a nivel interno y fuera de nuestras fronteras. Es un esc\u00e1ndalo que exige respuesta, no que se acrecienten las controversias desde el Ejecutivo mismo\u201d, dijo. <\/p>\n<p>\u201cEl mismo Episcopado \u2013dijo- ha sido contundente al criticar la falta de acci\u00f3n de las autoridades en los tres niveles de gobierno en esta crisis de desapariciones\u201d. <\/p>\n<p>Los mexicanos, refiri\u00f3, no hemos tenido respuesta inmediata ni coordinada y es incre\u00edble que, ante el cuestionamiento de la Iglesia Cat\u00f3lica sobre los datos de una aparente reducci\u00f3n del 15 por ciento de homicidios dolosos y el contraste de las desapariciones que aumentaron un 40 por ciento (j\u00f3venes en su mayor\u00eda), la presidenta salga con que \u201cno tienen la informaci\u00f3n correcta\u201d.   <\/p>\n<p>Luna Ayala hizo notar que, en su caso, el Comit\u00e9 contra las Desapariciones Forzadas de la Organizaci\u00f3n de las Naciones Unidas (conformado por 10 expertos y expertas), ya emiti\u00f3 una serie de recomendaciones donde se insta al Estado mexicano a crear una \u201cPol\u00edtica Nacional de Prevenci\u00f3n y Erradicaci\u00f3n de las Desapariciones\u201d; pero a la fecha, la sugerencia no ha sido aceptada.<\/p>\n<p>Desde septiembre de 2023, evidenci\u00f3 Noem\u00ed Luna, el CED evalu\u00f3 los pasos dados por M\u00e9xico luego de que sus expertos pudieron reunirse con v\u00edctimas, organizaciones y autoridades de 13 estados; pero el gobierno -entonces de Andr\u00e9s Manuel L\u00f3pez Obrador- no concret\u00f3 una pol\u00edtica nacional sostenida y, en cambio -hoy- dos a\u00f1os despu\u00e9s, con la primer mujer presidenta que ha dicho que: \u201csiempre hay que estar cerca de quien sufre\u201d, persiste la negaci\u00f3n. <\/p>\n<p>\u201cQueremos que Sheinbaum d\u00e9 el paso y responda al Comit\u00e9 que ha tenido dificultades permanentes para trabajar en M\u00e9xico pues, desde el 2013 que solicit\u00f3 llevar a cabo una visita, \u00e9sta se concret\u00f3 hasta el 2021; \u00a1pero no ha pasado nada! \u00bfde qu\u00e9 sirvi\u00f3 todo ese trabajo?\u201d, recrimin\u00f3 la panista\u201d, al tiempo de reprochar tambi\u00e9n el silencio c\u00f3mplice de la CNDH en el tema del Rancho Izaguirre.<\/p>\n<p>\u201cSe busca titular de la CNDH que defienda a los desaparecidos y no al Gobierno\u201d anot\u00f3 la Diputada zacatecana en una cartulina frente a las instalaciones de la Comisi\u00f3n que preside Rosario Piedra Ibarra.<\/p>\n<p>\u201c\u00a1Los cientos de v\u00edctimas del centro de exterminio en el Rancho Izaguirre de Teuchitl\u00e1n, Jalisco quer\u00edan trabajar, no eran delincuentes! \u00a1Testificamos una crisis humanitaria y Piedra Ibarra sigue ausente como siempre!\u201d, acus\u00f3.<\/p>\n<p>Finalmente, Noem\u00ed Luna emplaz\u00f3 al Gobierno de M\u00e9xico y a las instancias involucradas a hacer su trabajo y no permitan que sean las familias de las y los desaparecidos quienes asuman el rol de buscadores. <\/p>\n<p>\u201c\u00a1No puede ser que en M\u00e9xico haya m\u00e1s de cien colectividades de familias de desaparecidas y desaparecidos porque la autoridad no trabaja! \u00a1Ya basta! \u00a1Exigimos un gobierno responsable! \u00a1Sus omisiones est\u00e1n costando vidas! \u00bfCu\u00e1ntos muertos m\u00e1s necesita su transformaci\u00f3n para darse por exitosa?\u201d, cuestion\u00f3.<\/p>\n<p>Finalmente, llam\u00f3 a las y los mexicanos a apoyar la convocatoria nacional para visibilizar las desapariciones y rezago forense, este 15 de marzo a las 17:00 horas y que ya tiene definidas plazas como el Z\u00f3calo de la CDMX; Zacatecas; Coahuila; Nuevo Le\u00f3n; Jalisco; Colima, donde la gente puede llegar con una vela y zapatos en memoria de las v\u00edctimas de Teuchitl\u00e1n.<\/p>\n<p>*#SoyResistencia*<\/p>\n<p>*oooOooo*<\/p>\n","protected":false},"excerpt":{"rendered":"<p>\u2022 Desde 2022, el Comit\u00e9 contra las Desapariciones Forzadas de la ONU emiti\u00f3 recomendaciones donde insta al Estado Mexicano a crear una \u201cPol\u00edtica Nacional de Prevenci\u00f3n<span class=\"excerpt-hellip\"> [\u2026]<\/span><\/p>\n","protected":false},"author":2,"featured_media":7023,"comment_status":"open","ping_status":"open","sticky":false,"template":"","format":"standard","meta":{"footnotes":""},"categories":[8],"tags":[],"class_list":["post-7022","post","type-post","status-publish","format-standard","has-post-thumbnail","hentry","category-politica"],"_links":{"self":[{"href":"https:\/\/sientetupasion.com\/index.php\/wp-json\/wp\/v2\/posts\/7022","targetHints":{"allow":["GET"]}}],"collection":[{"href":"https:\/\/sientetupasion.com\/index.php\/wp-json\/wp\/v2\/posts"}],"about":[{"href":"https:\/\/sientetupasion.com\/index.php\/wp-json\/wp\/v2\/types\/post"}],"author":[{"embeddable":true,"href":"https:\/\/sientetupasion.com\/index.php\/wp-json\/wp\/v2\/users\/2"}],"replies":[{"embeddable":true,"href":"https:\/\/sientetupasion.com\/index.php\/wp-json\/wp\/v2\/comments?post=7022"}],"version-history":[{"count":1,"href":"https:\/\/sientetupasion.com\/index.php\/wp-json\/wp\/v2\/posts\/7022\/revisions"}],"predecessor-version":[{"id":7024,"href":"https:\/\/sientetupasion.com\/index.php\/wp-json\/wp\/v2\/posts\/7022\/revisions\/7024"}],"wp:featuredmedia":[{"embeddable":true,"href":"https:\/\/sientetupasion.com\/index.php\/wp-json\/wp\/v2\/media\/7023"}],"wp:attachment":[{"href":"https:\/\/sientetupasion.com\/index.php\/wp-json\/wp\/v2\/media?parent=7022"}],"wp:term":[{"taxonomy":"category","embeddable":true,"href":"https:\/\/sientetupasion.com\/index.php\/wp-json\/wp\/v2\/categories?post=7022"},{"taxonomy":"post_tag","embeddable":true,"href":"https:\/\/sientetupasion.com\/index.php\/wp-json\/wp\/v2\/tags?post=7022"}],"curies":[{"name":"wp","href":"https:\/\/api.w.org\/{rel}","templated":true}]}}