{"id":6959,"date":"2025-03-13T07:24:56","date_gmt":"2025-03-13T13:24:56","guid":{"rendered":"https:\/\/sientetupasion.com\/?p=6959"},"modified":"2025-03-13T07:24:56","modified_gmt":"2025-03-13T13:24:56","slug":"morena-utiliza-la-desinformacion-como-politica-de-gobierno-asegura-pepe-olvera","status":"publish","type":"post","link":"https:\/\/sientetupasion.com\/index.php\/2025\/03\/13\/morena-utiliza-la-desinformacion-como-politica-de-gobierno-asegura-pepe-olvera\/","title":{"rendered":"MORENA UTILIZA LA DESINFORMACI\u00d3N COMO POL\u00cdTICA DE GOBIERNO, ASEGURA PEPE OLVERA"},"content":{"rendered":"<p>\u2022 *El Presidente estatal del PRI, Carlos Pe\u00f1a Badillo conden\u00f3 que el gobierno de Morena utilice una atm\u00f3sfera de mentiras y desinformaci\u00f3n inducida.*<\/p>\n<p>Ante la situaci\u00f3n de inseguridad, carreteras destrozadas, hospitales sin atenci\u00f3n, productores del campo desesperados, maestras y maestros en crisis permanente y jubilados abandonados, y un desgobierno que est\u00e1 golpeando severamente a todo el pa\u00eds y al Estado, el Presidente estatal del PRI, Carlos Pe\u00f1a Badillo conden\u00f3 que el gobierno de Morena utilice una atm\u00f3sfera de mentiras y desinformaci\u00f3n inducida, con el fin de implantar sus \u201cpropios datos\u201d.<\/p>\n<p>Al encabezar la tradicional conferencia de prensa del partido, Pe\u00f1a Badillo lament\u00f3 que Morena convocara a un mitin en el Z\u00f3calo de la Ciudad de M\u00e9xico para buscar contener la crisis arancelaria de Estados Unidos. Estas acciones, dijo, no resuelven las crisis y problemas del pa\u00eds. <\/p>\n<p>En este sentido, el dirigente estatal priista hizo un llamado para que los recursos utilizados en estos m\u00edtines, se utilicen en resolver los problemas de M\u00e9xico y Zacatecas.<\/p>\n<p>Presumen que Zacatecas fue de los estados que llev\u00f3 m\u00e1s contingentes al mitin del Z\u00f3calo, pero qu\u00e9 les decimos a las maestras y maestros que no les pagaron, a la ciudadan\u00eda que exige un trato justo en las cl\u00ednicas y hospitales, a las carreteras destrozadas. La mayor\u00eda de los funcionarios zacatecanos ah\u00ed estaban, aplaudiendo y cargando banderines, participando en una acci\u00f3n que en nada resuelven los problemas de la entidad, indic\u00f3.<\/p>\n<p>Por su parte, el Delegado del CEN del PRI, Jos\u00e9 Marco Antonio Olvera Acevedo sostuvo que la desinformaci\u00f3n se ha visto potenciada por las redes sociales y el clima pol\u00edtico de polarizaci\u00f3n, que ha sido estimulado por el Gobierno Federal para desviar la atenci\u00f3n de la compleja realidad del pa\u00eds y las consecuencias de su mal gobierno.<\/p>\n<p>Por ello, calific\u00f3 a la \u201cLa Ma\u00f1anera\u201d como un espect\u00e1culo de mentiras, donde lo \u00fanico que existe son dichos enga\u00f1osos sobre seguridad, empleo, apoyos a la ciencia y salud, adem\u00e1s de supuestos beneficios de la reforma judicial y la eliminaci\u00f3n de \u00f3rganos aut\u00f3nomos. <\/p>\n<p>Olvera Acevedo destac\u00f3 que \u201cLa Ma\u00f1anera\u201d implementada por Andr\u00e9s Manuel L\u00f3pez Obrador y que sigue replicando Claudia Sheinbaum, cuesta millones de pesos con cargo al bolsillo de las y los mexicanos, y donde su \u00fanica finalidad es seguir difundiendo mentiras y descalificaciones a la oposici\u00f3n ante el se\u00f1alamiento de fallas y omisiones del gobierno morenista.<\/p>\n<p>Adem\u00e1s dio a conocer que durante el sexenio de AMLO, se gastaron 850 millones de d\u00f3lares en publicidad oficial. Invirtiendo este dinero en voceros, youtubers e \u201cinfluencers\u201d que difunden sus mentiras a sueldo, ocultando los montos de pagos.<\/p>\n<p>Ante esta lamentable situaci\u00f3n, el Delegado del CEN pidi\u00f3 actuar con responsabilidad en momentos donde el pa\u00eds necesita de la mayor entrega y concentraci\u00f3n en el ejercicio de gobierno, ante la dif\u00edcil situaci\u00f3n que se atraviesa en diversos \u00e1mbitos.<\/p>\n<p>Durante esta conferencia de prensa tambi\u00e9n estuvieron presentes Diputadas y Diputados priistas, secretarios del PRI estatal y dirigentes de sectores y organizaciones, as\u00ed como las y los regidores del municipio de Zacatecas.  <\/p>\n<p>&#8212;000&#8212;<\/p>\n","protected":false},"excerpt":{"rendered":"<p>\u2022 *El Presidente estatal del PRI, Carlos Pe\u00f1a Badillo conden\u00f3 que el gobierno de Morena utilice una atm\u00f3sfera de mentiras y desinformaci\u00f3n inducida.* Ante la situaci\u00f3n<span class=\"excerpt-hellip\"> [\u2026]<\/span><\/p>\n","protected":false},"author":2,"featured_media":6961,"comment_status":"open","ping_status":"open","sticky":false,"template":"","format":"standard","meta":{"footnotes":""},"categories":[8],"tags":[],"class_list":["post-6959","post","type-post","status-publish","format-standard","has-post-thumbnail","hentry","category-politica"],"_links":{"self":[{"href":"https:\/\/sientetupasion.com\/index.php\/wp-json\/wp\/v2\/posts\/6959","targetHints":{"allow":["GET"]}}],"collection":[{"href":"https:\/\/sientetupasion.com\/index.php\/wp-json\/wp\/v2\/posts"}],"about":[{"href":"https:\/\/sientetupasion.com\/index.php\/wp-json\/wp\/v2\/types\/post"}],"author":[{"embeddable":true,"href":"https:\/\/sientetupasion.com\/index.php\/wp-json\/wp\/v2\/users\/2"}],"replies":[{"embeddable":true,"href":"https:\/\/sientetupasion.com\/index.php\/wp-json\/wp\/v2\/comments?post=6959"}],"version-history":[{"count":1,"href":"https:\/\/sientetupasion.com\/index.php\/wp-json\/wp\/v2\/posts\/6959\/revisions"}],"predecessor-version":[{"id":6962,"href":"https:\/\/sientetupasion.com\/index.php\/wp-json\/wp\/v2\/posts\/6959\/revisions\/6962"}],"wp:featuredmedia":[{"embeddable":true,"href":"https:\/\/sientetupasion.com\/index.php\/wp-json\/wp\/v2\/media\/6961"}],"wp:attachment":[{"href":"https:\/\/sientetupasion.com\/index.php\/wp-json\/wp\/v2\/media?parent=6959"}],"wp:term":[{"taxonomy":"category","embeddable":true,"href":"https:\/\/sientetupasion.com\/index.php\/wp-json\/wp\/v2\/categories?post=6959"},{"taxonomy":"post_tag","embeddable":true,"href":"https:\/\/sientetupasion.com\/index.php\/wp-json\/wp\/v2\/tags?post=6959"}],"curies":[{"name":"wp","href":"https:\/\/api.w.org\/{rel}","templated":true}]}}