{"id":6804,"date":"2025-03-11T00:28:34","date_gmt":"2025-03-11T06:28:34","guid":{"rendered":"https:\/\/sientetupasion.com\/?p=6804"},"modified":"2025-03-11T00:28:34","modified_gmt":"2025-03-11T06:28:34","slug":"celebra-conalep-43-anos-de-formar-estudiantes-comprometidos-con-la-sociedad-zacatecana","status":"publish","type":"post","link":"https:\/\/sientetupasion.com\/index.php\/2025\/03\/11\/celebra-conalep-43-anos-de-formar-estudiantes-comprometidos-con-la-sociedad-zacatecana\/","title":{"rendered":"Celebra Conalep 43 a\u00f1os de formar estudiantes comprometidos con la sociedad zacatecana"},"content":{"rendered":"<p>\u25aa\tReitera Gobierno de Zacatecas, su apoyo y reconocimiento a una instituci\u00f3n que forma a ciudadanos destacados en el \u00e1mbito empresarial<br \/>\n\u25aa\tEn 43 a\u00f1os, el subsistema ha formado cerca de 5 mil profesionales t\u00e9cnicos y profesionales t\u00e9cnicos bachilleres que se han insertado en el sector productivo  <\/p>\n<p>Zacatecas, Zac., 10 de marzo de 2025.- El Colegio Nacional de Educaci\u00f3n Profesional T\u00e9cnica (Conalep), plantel Maestra Dolores Castro Varela, ubicado en el municipio de Guadalupe, cumpli\u00f3 43 a\u00f1os de formar estudiantes y ciudadanos comprometidos con la sociedad y con el sector productivo.<\/p>\n<p>Durante m\u00e1s de cuatro d\u00e9cadas, esta instituci\u00f3n se ha caracterizado por vincular a las y los j\u00f3venes con el sector econ\u00f3mico, tanto en la entidad zacatecana como en todo el pa\u00eds.<\/p>\n<p>En representaci\u00f3n de la Secretaria de Educaci\u00f3n, Gabriela Pinedo Morales, el Subsecretario Acad\u00e9mico, Armando Delgadillo Ruvalcaba, destac\u00f3 que, al ser la educaci\u00f3n una prioridad para esta administraci\u00f3n, el Gobernador David Monreal \u00c1vila gestiona recursos ante la federaci\u00f3n para continuar el apoyo a esta instituci\u00f3n, que forma a las y los estudiantes en valores.<\/p>\n<p>Felicit\u00f3 y reconoci\u00f3 a la comunidad escolar por este aniversario y ofreci\u00f3 el respaldo de la administraci\u00f3n estatal para colaborar en todas sus necesidades y para que el Conalep siga dando m\u00e1s frutos de los que ha dado en estos m\u00e1s de 40 a\u00f1os. <\/p>\n<p>El Conalep lleg\u00f3 a Zacatecas en 1982 y, desde su creaci\u00f3n, ha formado a 41 generaciones, con 4 mil 827 egresados de las diferentes carreras t\u00e9cnicas.<\/p>\n<p>Actualmente, este subsistema se especializa en formar profesionales t\u00e9cnicos y profesionales t\u00e9cnicos bachilleres, en las carreras de Alimentos y bebidas, Administraci\u00f3n, M\u00e1quinas y herramientas, Autotr\u00f3nica, Electromec\u00e1nica industrial, Motores a Di\u00e9sel, Contabilidad, Seguridad e Higiene y Protecci\u00f3n Civil, y pr\u00f3ximamente Turismo.<\/p>\n<p>Por estos 43 a\u00f1os, Nieves Medell\u00edn Medell\u00edn, director general del Conalep en Zacatecas, celebr\u00f3 que la instituci\u00f3n se siga manteniendo en la preferencia de la poblaci\u00f3n zacatecana, pues eso habla de que es una escuela confiable, en la que gu\u00edan y forjan a estudiantes con gran compromiso social.  <\/p>\n<p>Durante la ceremonia de aniversario se hizo entrega de reconocimientos a la trabajadora administrativa Perla Cecilia Barrera Medina, por 15 a\u00f1os de servicio, a seis docentes por haber obtenido los mejores resultados en el Programa de Evaluaci\u00f3n Institucional al Desempe\u00f1o Docente, a ocho exalumnos de la primera generaci\u00f3n y a 15 estudiantes de segundo, cuarto y sexto semestre por haber logrado los mejores promedios en el \u00faltimo semestre.  <\/p>\n<p>El Presidente Municipal de Guadalupe, Jos\u00e9 Sald\u00edvar Alcalde, se uni\u00f3 a la felicitaci\u00f3n por este 43 aniversario y se dijo orgulloso de que cada vez m\u00e1s j\u00f3venes decidan estudiar en una instituci\u00f3n que ha dado grandes resultados a la comunidad, por lo que prometi\u00f3 seguir trabajando de la mano con las autoridades del Conalep para mejorar las condiciones de este plantel. <\/p>\n<p>En la celebraci\u00f3n estuvieron presentes Juan Claudio Esparza Castillo, director del Conalep plantel Maestra Dolores Castro Varela, y Jes\u00fas Cardona Hern\u00e1ndez, egresado de la primera generaci\u00f3n del Conalep (1982-1985).<\/p>\n<p>\u2014ooOoo\u2014<\/p>\n","protected":false},"excerpt":{"rendered":"<p>\u25aa Reitera Gobierno de Zacatecas, su apoyo y reconocimiento a una instituci\u00f3n que forma a ciudadanos destacados en el \u00e1mbito empresarial \u25aa En 43 a\u00f1os, el<span class=\"excerpt-hellip\"> [\u2026]<\/span><\/p>\n","protected":false},"author":2,"featured_media":6805,"comment_status":"open","ping_status":"open","sticky":false,"template":"","format":"standard","meta":{"footnotes":""},"categories":[16],"tags":[],"class_list":["post-6804","post","type-post","status-publish","format-standard","has-post-thumbnail","hentry","category-zacatecas"],"_links":{"self":[{"href":"https:\/\/sientetupasion.com\/index.php\/wp-json\/wp\/v2\/posts\/6804","targetHints":{"allow":["GET"]}}],"collection":[{"href":"https:\/\/sientetupasion.com\/index.php\/wp-json\/wp\/v2\/posts"}],"about":[{"href":"https:\/\/sientetupasion.com\/index.php\/wp-json\/wp\/v2\/types\/post"}],"author":[{"embeddable":true,"href":"https:\/\/sientetupasion.com\/index.php\/wp-json\/wp\/v2\/users\/2"}],"replies":[{"embeddable":true,"href":"https:\/\/sientetupasion.com\/index.php\/wp-json\/wp\/v2\/comments?post=6804"}],"version-history":[{"count":1,"href":"https:\/\/sientetupasion.com\/index.php\/wp-json\/wp\/v2\/posts\/6804\/revisions"}],"predecessor-version":[{"id":6806,"href":"https:\/\/sientetupasion.com\/index.php\/wp-json\/wp\/v2\/posts\/6804\/revisions\/6806"}],"wp:featuredmedia":[{"embeddable":true,"href":"https:\/\/sientetupasion.com\/index.php\/wp-json\/wp\/v2\/media\/6805"}],"wp:attachment":[{"href":"https:\/\/sientetupasion.com\/index.php\/wp-json\/wp\/v2\/media?parent=6804"}],"wp:term":[{"taxonomy":"category","embeddable":true,"href":"https:\/\/sientetupasion.com\/index.php\/wp-json\/wp\/v2\/categories?post=6804"},{"taxonomy":"post_tag","embeddable":true,"href":"https:\/\/sientetupasion.com\/index.php\/wp-json\/wp\/v2\/tags?post=6804"}],"curies":[{"name":"wp","href":"https:\/\/api.w.org\/{rel}","templated":true}]}}