{"id":6769,"date":"2025-03-09T19:50:16","date_gmt":"2025-03-10T01:50:16","guid":{"rendered":"https:\/\/sientetupasion.com\/?p=6769"},"modified":"2025-03-09T19:50:16","modified_gmt":"2025-03-10T01:50:16","slug":"conmemora-cecytez-el-dia-internacional-de-las-mujeres-con-activismo","status":"publish","type":"post","link":"https:\/\/sientetupasion.com\/index.php\/2025\/03\/09\/conmemora-cecytez-el-dia-internacional-de-las-mujeres-con-activismo\/","title":{"rendered":"Conmemora Cecytez el D\u00eda Internacional de las Mujeres con activismo"},"content":{"rendered":"<p>\uf0a7\tEsta jornada servir\u00e1 para generar conciencia y promover la sana convivencia y generaci\u00f3n de bienestar entre las y los j\u00f3venes zacatecanos<br \/>\n\uf0a7\tLas acciones consideran conferencias, talleres, activaciones art\u00edsticas y tertulias literarias en los planteles<\/p>\n<p>Zacatecas, Zac., 9 de marzo de 2025.- Como parte de la Agenda del 2025 \u201cA\u00f1o del Bienestar\u201d, que encabeza el Gobernador David Monreal \u00c1vila, y, en el marco del D\u00eda Internacional de las Mujeres, el 8 de marzo, el Colegio de Estudios Cient\u00edficos y Tecnol\u00f3gicos del Estado de Zacatecas (Cecytez) realiz\u00f3 una jornada de activismo, comprendida por distintas acciones orientadas a generar conciencia en el estudiantado del subsistema.<\/p>\n<p>El Director General del Cecytez, Julio C\u00e9sar Ortiz Fuentes, inform\u00f3 que esta jornada incluy\u00f3 conferencias, talleres, presentaci\u00f3n de carteles, activaciones art\u00edsticas y tertulias literarias, que se desarrollar\u00e1n en los planteles y centros que conforman a dicho Colegio.<\/p>\n<p>Entre las instituciones destaca la del centro de Educaci\u00f3n Media Superior a Distancia (Emsad) de San Tiburcio, en el municipio de Mazapil, y en colaboraci\u00f3n con la Fiscal\u00eda General de Justicia del Estado (FGJE). La comunidad estudiantil particip\u00f3 en la conferencia \u201cLey Olimpia y Violencia Digital\u201d, impartida por la ponente Flor Elena Sosa de la Torre, con el objetivo de generar conciencia y promover la sana convivencia y la construcci\u00f3n de paz y bienestar entre las y los j\u00f3venes zacatecanos.<\/p>\n<p>El Plantel Calera de V\u00edctor Rosales, ubicado en el municipio con el mismo nombre, tambi\u00e9n realiz\u00f3 la conferencia: \u201cAlzar la voz, romper el silencio y construir igualdad\u201d, impartida por la especialista Sarah\u00ed Jim\u00e9nez Zamora, que permiti\u00f3 a la comunidad estudiantil conocer la realidad de las distintas manifestaciones y movimientos en M\u00e9xico y otros pa\u00edses y c\u00f3mo el silencio puede convertirse en una herramienta de opresi\u00f3n.<\/p>\n<p>Mientras tanto, la comunidad estudiantil del Plantel Jerez particip\u00f3 en la conferencia denominada \u201cEl valor de la mujer\u201d, que pretendi\u00f3 permear entre las y los j\u00f3venes estudiantes una visi\u00f3n afirmativa de los derechos de las mujeres y su importancia en la sociedad.<\/p>\n<p>La jornada concluy\u00f3 con la ponencia \u201cEvoluci\u00f3n y avances del D\u00eda Internacional de la Mujer en M\u00e9xico y el mundo\u201d, de Flor Adelina Garc\u00eda Lara, que va dirigida al personal administrativo y directivo de todo el subsistema y que servir\u00e1 para generar estrategias de resiliencia, coadyuvando a la generaci\u00f3n de bienestar en el clima laboral y en los salones de clase.<\/p>\n<p>\u2014ooOoo\u2014<\/p>\n","protected":false},"excerpt":{"rendered":"<p>\uf0a7 Esta jornada servir\u00e1 para generar conciencia y promover la sana convivencia y generaci\u00f3n de bienestar entre las y los j\u00f3venes zacatecanos \uf0a7 Las acciones consideran<span class=\"excerpt-hellip\"> [\u2026]<\/span><\/p>\n","protected":false},"author":2,"featured_media":6770,"comment_status":"open","ping_status":"open","sticky":false,"template":"","format":"standard","meta":{"footnotes":""},"categories":[16],"tags":[],"class_list":["post-6769","post","type-post","status-publish","format-standard","has-post-thumbnail","hentry","category-zacatecas"],"_links":{"self":[{"href":"https:\/\/sientetupasion.com\/index.php\/wp-json\/wp\/v2\/posts\/6769","targetHints":{"allow":["GET"]}}],"collection":[{"href":"https:\/\/sientetupasion.com\/index.php\/wp-json\/wp\/v2\/posts"}],"about":[{"href":"https:\/\/sientetupasion.com\/index.php\/wp-json\/wp\/v2\/types\/post"}],"author":[{"embeddable":true,"href":"https:\/\/sientetupasion.com\/index.php\/wp-json\/wp\/v2\/users\/2"}],"replies":[{"embeddable":true,"href":"https:\/\/sientetupasion.com\/index.php\/wp-json\/wp\/v2\/comments?post=6769"}],"version-history":[{"count":1,"href":"https:\/\/sientetupasion.com\/index.php\/wp-json\/wp\/v2\/posts\/6769\/revisions"}],"predecessor-version":[{"id":6771,"href":"https:\/\/sientetupasion.com\/index.php\/wp-json\/wp\/v2\/posts\/6769\/revisions\/6771"}],"wp:featuredmedia":[{"embeddable":true,"href":"https:\/\/sientetupasion.com\/index.php\/wp-json\/wp\/v2\/media\/6770"}],"wp:attachment":[{"href":"https:\/\/sientetupasion.com\/index.php\/wp-json\/wp\/v2\/media?parent=6769"}],"wp:term":[{"taxonomy":"category","embeddable":true,"href":"https:\/\/sientetupasion.com\/index.php\/wp-json\/wp\/v2\/categories?post=6769"},{"taxonomy":"post_tag","embeddable":true,"href":"https:\/\/sientetupasion.com\/index.php\/wp-json\/wp\/v2\/tags?post=6769"}],"curies":[{"name":"wp","href":"https:\/\/api.w.org\/{rel}","templated":true}]}}