{"id":6766,"date":"2025-03-09T19:49:33","date_gmt":"2025-03-10T01:49:33","guid":{"rendered":"https:\/\/sientetupasion.com\/?p=6766"},"modified":"2025-03-09T19:49:33","modified_gmt":"2025-03-10T01:49:33","slug":"exito-total-en-el-primer-bazar-cultural-de-mujeres-en-la-explanada-del-congreso-del-estado","status":"publish","type":"post","link":"https:\/\/sientetupasion.com\/index.php\/2025\/03\/09\/exito-total-en-el-primer-bazar-cultural-de-mujeres-en-la-explanada-del-congreso-del-estado\/","title":{"rendered":"\u00c9xito total en el Primer Bazar Cultural de Mujeres en la Explanada del Congreso del Estado*"},"content":{"rendered":"<p>Con gran \u00e9xito y una importante participaci\u00f3n ciudadana, se celebr\u00f3 el Primer Bazar Cultural de Mujeres en la Explanada del Congreso del Estado, en el marco de la conmemoraci\u00f3n del D\u00eda Internacional de la Mujer, evento promovido por la Comisi\u00f3n de Igualdad Sustantiva entre Mujeres y Hombres de la LXV Legislatura del Estado de Zacatecas.<\/p>\n<p>Este bazar reuni\u00f3 a 17 artistas, artesanas y emprendedoras zacatecanas, quienes expusieron sus productos, obras y creaciones, fortaleciendo as\u00ed el comercio local y brindando una plataforma para visibilizar su talento y esfuerzo.<\/p>\n<p>Durante la jornada, la presidenta de la Comisi\u00f3n de Igualdad Sustantiva entre Mujeres y Hombres, Renata \u00c1vila Valadez, destac\u00f3 la importancia de generar espacios que reconozcan el trabajo de las mujeres zacatecanas y fomenten su autonom\u00eda econ\u00f3mica. Asimismo, agradeci\u00f3 el respaldo del Ayuntamiento de Zacatecas, del taller de Arte y Cultura &#8220;La Casa Roja&#8221; y de la bazarista Alejandr\u00eda Ruiz Esparza N\u00fa\u00f1ez, cuyo apoyo fue fundamental para la realizaci\u00f3n de este evento.<\/p>\n<p>\u201cLa respuesta de la ciudadan\u00eda nos demuestra que estos espacios son necesarios y deben seguirse promoviendo. Nuestro compromiso es continuar impulsando iniciativas que fortalezcan el trabajo de las mujeres y el consumo local, generando oportunidades para su desarrollo econ\u00f3mico y social\u201d, afirm\u00f3 la legisladora.<\/p>\n<p>Por su parte, la diputada Ana Mar\u00eda Romo Fonseca, secretaria de la Comisi\u00f3n, explic\u00f3 que el Bazar Cultural de Mujeres no solo permiti\u00f3 la exhibici\u00f3n y comercializaci\u00f3n de productos locales, sino que tambi\u00e9n se consolid\u00f3 como un espacio de convivencia y reflexi\u00f3n sobre el papel de las mujeres en la econom\u00eda y la cultura zacatecana, as\u00ed como una acci\u00f3n de atenci\u00f3n a la violencia econ\u00f3mica contra las mujeres, quienes estad\u00edsticamente tienen menor acceso a recursos financieros en relaci\u00f3n con los hombres.<\/p>\n<p>\u00c1vila Valadez, enfatiz\u00f3 que \u201cla LXV Legislatura del Estado de Zacatecas reafirma su compromiso con la igualdad sustantiva y el empoderamiento de las mujeres, impulsando estrategias que contribuyan a su bienestar y crecimiento en todos los \u00e1mbitos\u201d.<\/p>\n<p>Las actividades conmemorativas del D\u00eda Internacional de la Mujer, convocadas por la LXV legislatura del estado, continuar\u00e1n este lunes a las 10:00 horas en el vest\u00edbulo del Congreso Zacatecano, con la primera mesa De trabajo \u201cAgenda Compartida: Construcci\u00f3n Legislativa Para La Igualdad y la Erradicaci\u00f3n de las Violencias\u201d, que convocar\u00e1 a expertas para construir una reforma integral a la Ley de Acceso de las Mujeres a una Vida Libre de Violencia.<\/p>\n","protected":false},"excerpt":{"rendered":"<p>Con gran \u00e9xito y una importante participaci\u00f3n ciudadana, se celebr\u00f3 el Primer Bazar Cultural de Mujeres en la Explanada del Congreso del Estado, en el marco<span class=\"excerpt-hellip\"> [\u2026]<\/span><\/p>\n","protected":false},"author":2,"featured_media":6767,"comment_status":"open","ping_status":"open","sticky":false,"template":"","format":"standard","meta":{"footnotes":""},"categories":[8],"tags":[],"class_list":["post-6766","post","type-post","status-publish","format-standard","has-post-thumbnail","hentry","category-politica"],"_links":{"self":[{"href":"https:\/\/sientetupasion.com\/index.php\/wp-json\/wp\/v2\/posts\/6766","targetHints":{"allow":["GET"]}}],"collection":[{"href":"https:\/\/sientetupasion.com\/index.php\/wp-json\/wp\/v2\/posts"}],"about":[{"href":"https:\/\/sientetupasion.com\/index.php\/wp-json\/wp\/v2\/types\/post"}],"author":[{"embeddable":true,"href":"https:\/\/sientetupasion.com\/index.php\/wp-json\/wp\/v2\/users\/2"}],"replies":[{"embeddable":true,"href":"https:\/\/sientetupasion.com\/index.php\/wp-json\/wp\/v2\/comments?post=6766"}],"version-history":[{"count":1,"href":"https:\/\/sientetupasion.com\/index.php\/wp-json\/wp\/v2\/posts\/6766\/revisions"}],"predecessor-version":[{"id":6768,"href":"https:\/\/sientetupasion.com\/index.php\/wp-json\/wp\/v2\/posts\/6766\/revisions\/6768"}],"wp:featuredmedia":[{"embeddable":true,"href":"https:\/\/sientetupasion.com\/index.php\/wp-json\/wp\/v2\/media\/6767"}],"wp:attachment":[{"href":"https:\/\/sientetupasion.com\/index.php\/wp-json\/wp\/v2\/media?parent=6766"}],"wp:term":[{"taxonomy":"category","embeddable":true,"href":"https:\/\/sientetupasion.com\/index.php\/wp-json\/wp\/v2\/categories?post=6766"},{"taxonomy":"post_tag","embeddable":true,"href":"https:\/\/sientetupasion.com\/index.php\/wp-json\/wp\/v2\/tags?post=6766"}],"curies":[{"name":"wp","href":"https:\/\/api.w.org\/{rel}","templated":true}]}}