{"id":6617,"date":"2025-03-06T20:31:35","date_gmt":"2025-03-07T02:31:35","guid":{"rendered":"https:\/\/sientetupasion.com\/?p=6617"},"modified":"2025-03-06T20:31:35","modified_gmt":"2025-03-07T02:31:35","slug":"ulises-mejia-haro-firma-convenio-con-la-universidad-unid-para-impulsar-oportunidades-educativas","status":"publish","type":"post","link":"https:\/\/sientetupasion.com\/index.php\/2025\/03\/06\/ulises-mejia-haro-firma-convenio-con-la-universidad-unid-para-impulsar-oportunidades-educativas\/","title":{"rendered":"ULISES MEJ\u00cdA HARO FIRMA CONVENIO CON LA UNIVERSIDAD UNID PARA IMPULSAR OPORTUNIDADES EDUCATIVAS"},"content":{"rendered":"<p>Con el objetivo de seguir gestionando apoyos para la educaci\u00f3n y otros sectores en Zacatecas, el diputado federal Ulises Mej\u00eda Haro firm\u00f3 un convenio con la Universidad UNID, representada por su rector, Jorge Eduardo Rodr\u00edguez Salazar. Este acuerdo permitir\u00e1 que m\u00e1s j\u00f3venes y adultos accedan a educaci\u00f3n con becas del 80% en inscripciones y 50% en colegiaturas para licenciaturas y maestr\u00edas, adem\u00e1s de descuentos en Harmon Hall, instituci\u00f3n para aprender ingl\u00e9s.<\/p>\n<p>M\u00e1s all\u00e1 de los descuentos, este convenio tambi\u00e9n brinda beneficios clave para el desarrollo acad\u00e9mico y profesional de los estudiantes, como:<br \/>\n\t\u2022\tModelo de Formaci\u00f3n Integral, donde los alumnos son el centro y participan en actividades significativas que transforman su entorno con valores y compromiso social.<br \/>\n\t\u2022\tAlianzas empresariales y bolsa de trabajo CONECTA, facilitando oportunidades laborales.<br \/>\n\t\u2022\tEventos de desarrollo profesional y estad\u00edas empresariales, fortaleciendo la preparaci\u00f3n de los estudiantes.<\/p>\n<p>El programa acad\u00e9mico de la UNID se desarrolla en un plan cuatrimestral con tres ciclos de inicio:<br \/>\n\t\u2022\tC1 \u2013 Inicio el 13 de enero.<br \/>\n\t\u2022\tC2 \u2013 Inicio el 12 de mayo.<br \/>\n\t\u2022\tC3 \u2013 Inicio el 8 de septiembre.<\/p>\n<p>Adem\u00e1s, la instituci\u00f3n ofrece bachillerato, licenciaturas y maestr\u00edas 100% en l\u00ednea a trav\u00e9s de Talisis-Online, con la flexibilidad de iniciar en cualquier momento.<\/p>\n<p>Como parte del convenio con el legislador federal Ulises Mej\u00eda Haro, se abren oportunidades exclusivas:<br \/>\n\t\u2022\tBeneficios para colaboradores y familiares de l\u00ednea directa en programas de licenciatura y maestr\u00eda.<br \/>\n\t\u2022\tGrupos cerrados en los municipios, con becas atractivas, a partir de 20 participantes.<br \/>\n\t\u2022\tConferencias y capacitaciones con Canacintra sobre blindaje legal.<br \/>\n\t\u2022\tDiplomados y cursos en temas como liderazgo, administraci\u00f3n p\u00fablica, inteligencia artificial, salud emocional y trabajo colaborativo.<\/p>\n<p>El diputado Ulises Mej\u00eda Haro reafirm\u00f3 su compromiso de seguir gestionando convenios con instituciones p\u00fablicas y privadas para fortalecer el acceso a la educaci\u00f3n en Zacatecas.<\/p>\n<p>\u201cLa educaci\u00f3n es el camino para transformar nuestro estado. Seguiremos firmando m\u00e1s acuerdos que brinden oportunidades a las familias zacatecanas. Consolidemos juntos la esperanza.\u201d<\/p>\n<p>Adem\u00e1s, subray\u00f3 que esta gesti\u00f3n es solo el inicio, pues se continuar\u00e1 firmando convenios en diferentes rubros, tanto con la iniciativa privada como con el sector p\u00fablico, con el objetivo de generar m\u00e1s oportunidades en educaci\u00f3n, empleo, salud y desarrollo econ\u00f3mico para Zacatecas.<\/p>\n<p>Para conocer m\u00e1s detalles sobre este convenio y sus beneficios, visita: www.ulisesmejia.com.<\/p>\n","protected":false},"excerpt":{"rendered":"<p>Con el objetivo de seguir gestionando apoyos para la educaci\u00f3n y otros sectores en Zacatecas, el diputado federal Ulises Mej\u00eda Haro firm\u00f3 un convenio con la<span class=\"excerpt-hellip\"> [\u2026]<\/span><\/p>\n","protected":false},"author":2,"featured_media":6618,"comment_status":"open","ping_status":"open","sticky":false,"template":"","format":"standard","meta":{"footnotes":""},"categories":[8],"tags":[],"class_list":["post-6617","post","type-post","status-publish","format-standard","has-post-thumbnail","hentry","category-politica"],"_links":{"self":[{"href":"https:\/\/sientetupasion.com\/index.php\/wp-json\/wp\/v2\/posts\/6617","targetHints":{"allow":["GET"]}}],"collection":[{"href":"https:\/\/sientetupasion.com\/index.php\/wp-json\/wp\/v2\/posts"}],"about":[{"href":"https:\/\/sientetupasion.com\/index.php\/wp-json\/wp\/v2\/types\/post"}],"author":[{"embeddable":true,"href":"https:\/\/sientetupasion.com\/index.php\/wp-json\/wp\/v2\/users\/2"}],"replies":[{"embeddable":true,"href":"https:\/\/sientetupasion.com\/index.php\/wp-json\/wp\/v2\/comments?post=6617"}],"version-history":[{"count":1,"href":"https:\/\/sientetupasion.com\/index.php\/wp-json\/wp\/v2\/posts\/6617\/revisions"}],"predecessor-version":[{"id":6619,"href":"https:\/\/sientetupasion.com\/index.php\/wp-json\/wp\/v2\/posts\/6617\/revisions\/6619"}],"wp:featuredmedia":[{"embeddable":true,"href":"https:\/\/sientetupasion.com\/index.php\/wp-json\/wp\/v2\/media\/6618"}],"wp:attachment":[{"href":"https:\/\/sientetupasion.com\/index.php\/wp-json\/wp\/v2\/media?parent=6617"}],"wp:term":[{"taxonomy":"category","embeddable":true,"href":"https:\/\/sientetupasion.com\/index.php\/wp-json\/wp\/v2\/categories?post=6617"},{"taxonomy":"post_tag","embeddable":true,"href":"https:\/\/sientetupasion.com\/index.php\/wp-json\/wp\/v2\/tags?post=6617"}],"curies":[{"name":"wp","href":"https:\/\/api.w.org\/{rel}","templated":true}]}}