{"id":6462,"date":"2025-03-05T02:10:07","date_gmt":"2025-03-05T02:10:07","guid":{"rendered":"https:\/\/sientetupasion.com\/?p=6462"},"modified":"2025-03-05T02:10:07","modified_gmt":"2025-03-05T02:10:07","slug":"mas-de-100-mujeres-con-discapacidad-participan-en-activacion-fisica-para-el-bienestar","status":"publish","type":"post","link":"https:\/\/sientetupasion.com\/index.php\/2025\/03\/05\/mas-de-100-mujeres-con-discapacidad-participan-en-activacion-fisica-para-el-bienestar\/","title":{"rendered":"M\u00e1s de 100 mujeres con discapacidad participan en Activaci\u00f3n F\u00edsica para el Bienestar"},"content":{"rendered":"<p>\u25aa\ufe0f   Fomenta Gobierno de Zacatecas inclusi\u00f3n y participaci\u00f3n social<br \/>\n\u25aa\ufe0f   Busca mejorar la calidad de vida, as\u00ed como el bienestar f\u00edsico y emocional de las personas con discapacidad<br \/>\n\u25aa\ufe0f   Actividad de la Agenda del Bienestar 2025, en el marco de la conmemoraci\u00f3n del D\u00eda Internacional de las Mujeres<\/p>\n<p>Zacatecas, Zac., 4 de marzo de 2025.- Con el objetivo de fomentar la inclusi\u00f3n, participaci\u00f3n social, mejorar la calidad de vida y el bienestar f\u00edsico de las personas con discapacidad, el Gobierno de Zacatecas, encabezado por el mandatario estatal David Monreal \u00c1vila, a trav\u00e9s del Instituto para la Atenci\u00f3n e Inclusi\u00f3n de las Personas con Discapacidad, ofreci\u00f3 una activaci\u00f3n f\u00edsica para el bienestar de las mujeres en esta condici\u00f3n.<\/p>\n<p>Esta actividad forma parte de la Agenda del Bienestar 2025, y se realiza en el marco de la conmemoraci\u00f3n del D\u00eda Internacional de las Mujeres, con la finalidad de fomentar la sana convivencia y destacar la importancia de la salud f\u00edsica, mental y emocional de las mujeres con discapacidad, por lo que se llev\u00f3 a cabo en coordinaci\u00f3n con el Instituto de Cultura F\u00edsica y Deporte (Incufidez).<\/p>\n<p>La Plaza Bicentenario reuni\u00f3 a alrededor de 100 mujeres con discapacidad, tanto de la sociedad civil como integrantes de distintas asociaciones, tales como el Cam 28, Apac Zacatecas, Palzac Ac., IENLEC y Olimpiadas Especiales.<\/p>\n<p>Con estas acciones, se busca promover la activaci\u00f3n f\u00edsica, que es fundamental para todas las mujeres. La pr\u00e1ctica regular de actividad f\u00edsica puede mejorar significativamente la calidad de vida, la salud y el bienestar de las mujeres con discapacidad.<\/p>\n<p>Acompa\u00f1ada por Karla Isabel Guardado Oropeza, secretaria de las Mujeres, la Directora del Instituto para la Atenci\u00f3n e Inclusi\u00f3n de las Personas con Discapacidad, Miriam Garc\u00eda, refiri\u00f3 el compromiso del Gobernador David Monreal \u00c1vila de tener acercamiento con las personas con discapacidad y generar acciones que fortalezcan la inclusi\u00f3n, a trav\u00e9s del deporte, y generarles independencia.<\/p>\n<p>En el evento estuvieron presentes: Edgar Javier Rodarte Menchaca, encargado de la direcci\u00f3n general del Incufidez, y Leopoldo Plazola Ram\u00edrez, jefe del departamento de la Plaza Bicentenario, en representaci\u00f3n de Sara Hern\u00e1ndez de Monreal, presidenta honorifica del Sistema Estatal para el Desarrollo Integral de la Familia (SEDIF).<\/p>\n<p>\u2014ooOoo\u2014<\/p>\n","protected":false},"excerpt":{"rendered":"<p>\u25aa\ufe0f Fomenta Gobierno de Zacatecas inclusi\u00f3n y participaci\u00f3n social \u25aa\ufe0f Busca mejorar la calidad de vida, as\u00ed como el bienestar f\u00edsico y emocional de las personas<span class=\"excerpt-hellip\"> [\u2026]<\/span><\/p>\n","protected":false},"author":2,"featured_media":6463,"comment_status":"open","ping_status":"open","sticky":false,"template":"","format":"standard","meta":{"footnotes":""},"categories":[16],"tags":[],"class_list":["post-6462","post","type-post","status-publish","format-standard","has-post-thumbnail","hentry","category-zacatecas"],"_links":{"self":[{"href":"https:\/\/sientetupasion.com\/index.php\/wp-json\/wp\/v2\/posts\/6462","targetHints":{"allow":["GET"]}}],"collection":[{"href":"https:\/\/sientetupasion.com\/index.php\/wp-json\/wp\/v2\/posts"}],"about":[{"href":"https:\/\/sientetupasion.com\/index.php\/wp-json\/wp\/v2\/types\/post"}],"author":[{"embeddable":true,"href":"https:\/\/sientetupasion.com\/index.php\/wp-json\/wp\/v2\/users\/2"}],"replies":[{"embeddable":true,"href":"https:\/\/sientetupasion.com\/index.php\/wp-json\/wp\/v2\/comments?post=6462"}],"version-history":[{"count":1,"href":"https:\/\/sientetupasion.com\/index.php\/wp-json\/wp\/v2\/posts\/6462\/revisions"}],"predecessor-version":[{"id":6464,"href":"https:\/\/sientetupasion.com\/index.php\/wp-json\/wp\/v2\/posts\/6462\/revisions\/6464"}],"wp:featuredmedia":[{"embeddable":true,"href":"https:\/\/sientetupasion.com\/index.php\/wp-json\/wp\/v2\/media\/6463"}],"wp:attachment":[{"href":"https:\/\/sientetupasion.com\/index.php\/wp-json\/wp\/v2\/media?parent=6462"}],"wp:term":[{"taxonomy":"category","embeddable":true,"href":"https:\/\/sientetupasion.com\/index.php\/wp-json\/wp\/v2\/categories?post=6462"},{"taxonomy":"post_tag","embeddable":true,"href":"https:\/\/sientetupasion.com\/index.php\/wp-json\/wp\/v2\/tags?post=6462"}],"curies":[{"name":"wp","href":"https:\/\/api.w.org\/{rel}","templated":true}]}}