{"id":6261,"date":"2025-02-27T13:48:25","date_gmt":"2025-02-27T13:48:25","guid":{"rendered":"https:\/\/sientetupasion.com\/?p=6261"},"modified":"2025-02-27T13:48:25","modified_gmt":"2025-02-27T13:48:25","slug":"promueve-cecytez-bienestar-estudiantil-con-festival-estatal-academico-2025","status":"publish","type":"post","link":"https:\/\/sientetupasion.com\/index.php\/2025\/02\/27\/promueve-cecytez-bienestar-estudiantil-con-festival-estatal-academico-2025\/","title":{"rendered":"Promueve Cecytez bienestar estudiantil con Festival Estatal Acad\u00e9mico 2025"},"content":{"rendered":"<p>\u25aa\ufe0f   M\u00e1s de 130 j\u00f3venes demuestran su habilidad y conocimiento en pruebas te\u00f3ricas y experimentales en matem\u00e1ticas, comunicaci\u00f3n, ciencias sociales, entre otras<br \/>\n\u25aa\ufe0f   Los 17 mejores estudiantes representar\u00e1n a Zacatecas en el Festival Nacional Acad\u00e9mico, a realizarse en Yucat\u00e1n, en abril pr\u00f3ximo<\/p>\n<p>Zacatecas, Zac., 26 de febrero de 2025.- El Colegio de Estudios Cient\u00edficos y Tecnol\u00f3gicos del Estado de Zacatecas (Cecytez) realiz\u00f3 su Festival Estatal Acad\u00e9mico, cuya edici\u00f3n 2025 est\u00e1 orientada a promover el bienestar estudiantil y el desarrollo integral de la juventud, a trav\u00e9s del conocimiento y las habilidades del pensamiento.<\/p>\n<p>Julio C\u00e9sar Ortiz Fuentes, director general del Cecytez, describi\u00f3 este certamen como una oportunidad para que el estudiantado demuestre su capacidad y talento en un espacio propicio para el bienestar, que les aliente a dedicar su tiempo y esfuerzo en la escuela y para la escuela, inter\u00e9s fundamental de la administraci\u00f3n que encabeza el Gobernador David Monreal \u00c1vila.<\/p>\n<p>Ortiz Fuentes reconoci\u00f3 el esfuerzo y dedicaci\u00f3n de los 136 j\u00f3venes que con sus resultados lograron colocarse en la etapa estatal; as\u00ed como el trabajo permanente de una centena de docentes, asesores y directivos, que les permitieron afrontar de la mejor forma las pruebas te\u00f3ricas y experimentales, de donde se habr\u00e1 de seleccionar a 17 j\u00f3venes que representar\u00e1n a Zacatecas en el Festival Nacional Acad\u00e9mico, a realizarse en Yucat\u00e1n, en abril pr\u00f3ximo.<\/p>\n<p>Julio Ortiz record\u00f3 que Zacatecas ya ha sido campeona nacional en ediciones anteriores de este certamen, por lo que, dijo, quienes encabecen al representativo estatal que parta a Yucat\u00e1n, buscar\u00e1n colocar nuevamente al Cecytez a la cabeza del conocimiento tecnol\u00f3gico y cient\u00edfico en el nivel medio superior.<\/p>\n<p>\u00c1lvaro Rodr\u00edguez Mart\u00ednez, subsecretario de Educaci\u00f3n Media y Superior de Zacatecas, a nombre de la Secretaria de Educaci\u00f3n, Gabriela Pinedo Morales, destac\u00f3 la incansable labor del Subsistema por otorgar a las y los j\u00f3venes las mejores condiciones para su bachillerato. <\/p>\n<p>Aplaudi\u00f3 los logros de quienes participan en el Festival, y les exhort\u00f3 a seguir adelante y, por medio de la t\u00e9cnica, generar soluciones para aplicar a las problem\u00e1ticas nacionales.<\/p>\n<p>\u201cLa educaci\u00f3n debe permear en la comunidad y el Cecytez lo est\u00e1 haciendo muy bien\u201d, dijo, por lo que \u201clos logros de cada estudiante del Colegio deben seguir llenando de orgullo a sus docentes, a sus familias y a sus comunidades\u201d, concluy\u00f3.<\/p>\n<p>\u2014ooOoo\u2014<\/p>\n","protected":false},"excerpt":{"rendered":"<p>\u25aa\ufe0f M\u00e1s de 130 j\u00f3venes demuestran su habilidad y conocimiento en pruebas te\u00f3ricas y experimentales en matem\u00e1ticas, comunicaci\u00f3n, ciencias sociales, entre otras \u25aa\ufe0f Los 17 mejores<span class=\"excerpt-hellip\"> [\u2026]<\/span><\/p>\n","protected":false},"author":2,"featured_media":6262,"comment_status":"open","ping_status":"open","sticky":false,"template":"","format":"standard","meta":{"footnotes":""},"categories":[16],"tags":[],"class_list":["post-6261","post","type-post","status-publish","format-standard","has-post-thumbnail","hentry","category-zacatecas"],"_links":{"self":[{"href":"https:\/\/sientetupasion.com\/index.php\/wp-json\/wp\/v2\/posts\/6261","targetHints":{"allow":["GET"]}}],"collection":[{"href":"https:\/\/sientetupasion.com\/index.php\/wp-json\/wp\/v2\/posts"}],"about":[{"href":"https:\/\/sientetupasion.com\/index.php\/wp-json\/wp\/v2\/types\/post"}],"author":[{"embeddable":true,"href":"https:\/\/sientetupasion.com\/index.php\/wp-json\/wp\/v2\/users\/2"}],"replies":[{"embeddable":true,"href":"https:\/\/sientetupasion.com\/index.php\/wp-json\/wp\/v2\/comments?post=6261"}],"version-history":[{"count":1,"href":"https:\/\/sientetupasion.com\/index.php\/wp-json\/wp\/v2\/posts\/6261\/revisions"}],"predecessor-version":[{"id":6263,"href":"https:\/\/sientetupasion.com\/index.php\/wp-json\/wp\/v2\/posts\/6261\/revisions\/6263"}],"wp:featuredmedia":[{"embeddable":true,"href":"https:\/\/sientetupasion.com\/index.php\/wp-json\/wp\/v2\/media\/6262"}],"wp:attachment":[{"href":"https:\/\/sientetupasion.com\/index.php\/wp-json\/wp\/v2\/media?parent=6261"}],"wp:term":[{"taxonomy":"category","embeddable":true,"href":"https:\/\/sientetupasion.com\/index.php\/wp-json\/wp\/v2\/categories?post=6261"},{"taxonomy":"post_tag","embeddable":true,"href":"https:\/\/sientetupasion.com\/index.php\/wp-json\/wp\/v2\/tags?post=6261"}],"curies":[{"name":"wp","href":"https:\/\/api.w.org\/{rel}","templated":true}]}}