{"id":6241,"date":"2025-02-27T13:42:09","date_gmt":"2025-02-27T13:42:09","guid":{"rendered":"https:\/\/sientetupasion.com\/?p=6241"},"modified":"2025-02-27T13:42:09","modified_gmt":"2025-02-27T13:42:09","slug":"con-acuerdos-de-trabajo-intenso-y-mayor-unidad-el-pri-celebra-la-liv-sesion-extraordinaria-de-su-consejo-politico-estatal","status":"publish","type":"post","link":"https:\/\/sientetupasion.com\/index.php\/2025\/02\/27\/con-acuerdos-de-trabajo-intenso-y-mayor-unidad-el-pri-celebra-la-liv-sesion-extraordinaria-de-su-consejo-politico-estatal\/","title":{"rendered":"*CON ACUERDOS DE TRABAJO INTENSO Y MAYOR UNIDAD, EL PRI CELEBRA LA LIV SESI\u00d3N EXTRAORDINARIA DE SU CONSEJO POL\u00cdTICO ESTATAL*"},"content":{"rendered":"<p>\u2022 *Se actualizaron las Comisiones Estatales de Justicia Partidaria y Procesos Internos.*<\/p>\n<p>En la LIV Sesi\u00f3n Extraordinaria del Consejo Pol\u00edtico Estatal del PRI, que fue instalada por el Delegado del CEN, Jos\u00e9 Marco Antonio Olvera Acevedo y que se llev\u00f3 a cabo esta tarde de manera h\u00edbrida en el Sal\u00f3n Gobernadores de la sede estatal priista, se aprobaron acuerdos de trabajo intenso y mayor unidad para fortalecer al partido.  <\/p>\n<p>Luego de declarar qu\u00f3rum legal y aprobar el orden del d\u00eda, se present\u00f3 la declaraci\u00f3n de validez y toma de protesta de la nueva integraci\u00f3n del Consejo Pol\u00edtico Estatal para el per\u00edodo estatutario 2023-2026.<\/p>\n<p>En su intervenci\u00f3n, el Presidente estatal del PRI, Carlos Pe\u00f1a Badillo reconoci\u00f3 a los nuevos Consejeros por su muestra de unidad y fuerza al integrar el m\u00e1ximo \u00f3rgano de gobierno del partido.<\/p>\n<p>En este sentido, Pe\u00f1a Badillo destac\u00f3 que el PRI tiene rumbo, estrategias y acciones contundentes de revaloraci\u00f3n de todas sus estructuras y se fortalece todos los d\u00edas para estar m\u00e1s s\u00f3lido y competir por la gubernatura del Estado en el 2027.<\/p>\n<p>Subray\u00f3 que el partido tiene un alto compromiso con el bien de las y los zacatecanos, las instituciones democr\u00e1ticas y las causas justas, por lo que sin duda, llegar\u00e1 competitivo al siguiente proceso electoral. <\/p>\n<p>El dirigente estatal priista, subray\u00f3 que ante los errores de los gobiernos federal y estatal, el tricolor debe cerrar filas con sus dirigentes y trabajar en territorio para reconquistar la simpat\u00eda ciudadana. <\/p>\n<p>Durante la LIV Sesi\u00f3n Extraordinaria del Consejo Pol\u00edtico Estatal tambi\u00e9n qued\u00f3 aprobada la integraci\u00f3n de la Comisi\u00f3n Estatal de Justicia Partidaria, encabezada por X\u00f3chitl Noem\u00ed S\u00e1nchez Ruvalcaba. Asimismo se actualiz\u00f3 la Comisi\u00f3n Estatal de Procesos Internos, a cargo de Luis Alfredo Ch\u00e1vez Gonz\u00e1lez.<\/p>\n<p>Finalmente, el Presidente estatal del PRI, Carlos Pe\u00f1a Badillo present\u00f3 un informe de los trabajos que se van a realizar por el 96 aniversario de la fundaci\u00f3n del partido. <\/p>\n<p>&#8212;000&#8212;<\/p>\n","protected":false},"excerpt":{"rendered":"<p>\u2022 *Se actualizaron las Comisiones Estatales de Justicia Partidaria y Procesos Internos.* En la LIV Sesi\u00f3n Extraordinaria del Consejo Pol\u00edtico Estatal del PRI, que fue instalada<span class=\"excerpt-hellip\"> [\u2026]<\/span><\/p>\n","protected":false},"author":2,"featured_media":6238,"comment_status":"open","ping_status":"open","sticky":false,"template":"","format":"standard","meta":{"footnotes":""},"categories":[8],"tags":[],"class_list":["post-6241","post","type-post","status-publish","format-standard","has-post-thumbnail","hentry","category-politica"],"_links":{"self":[{"href":"https:\/\/sientetupasion.com\/index.php\/wp-json\/wp\/v2\/posts\/6241","targetHints":{"allow":["GET"]}}],"collection":[{"href":"https:\/\/sientetupasion.com\/index.php\/wp-json\/wp\/v2\/posts"}],"about":[{"href":"https:\/\/sientetupasion.com\/index.php\/wp-json\/wp\/v2\/types\/post"}],"author":[{"embeddable":true,"href":"https:\/\/sientetupasion.com\/index.php\/wp-json\/wp\/v2\/users\/2"}],"replies":[{"embeddable":true,"href":"https:\/\/sientetupasion.com\/index.php\/wp-json\/wp\/v2\/comments?post=6241"}],"version-history":[{"count":1,"href":"https:\/\/sientetupasion.com\/index.php\/wp-json\/wp\/v2\/posts\/6241\/revisions"}],"predecessor-version":[{"id":6242,"href":"https:\/\/sientetupasion.com\/index.php\/wp-json\/wp\/v2\/posts\/6241\/revisions\/6242"}],"wp:featuredmedia":[{"embeddable":true,"href":"https:\/\/sientetupasion.com\/index.php\/wp-json\/wp\/v2\/media\/6238"}],"wp:attachment":[{"href":"https:\/\/sientetupasion.com\/index.php\/wp-json\/wp\/v2\/media?parent=6241"}],"wp:term":[{"taxonomy":"category","embeddable":true,"href":"https:\/\/sientetupasion.com\/index.php\/wp-json\/wp\/v2\/categories?post=6241"},{"taxonomy":"post_tag","embeddable":true,"href":"https:\/\/sientetupasion.com\/index.php\/wp-json\/wp\/v2\/tags?post=6241"}],"curies":[{"name":"wp","href":"https:\/\/api.w.org\/{rel}","templated":true}]}}