{"id":6230,"date":"2025-02-26T04:11:23","date_gmt":"2025-02-26T04:11:23","guid":{"rendered":"https:\/\/sientetupasion.com\/?p=6230"},"modified":"2025-02-26T04:11:23","modified_gmt":"2025-02-26T04:11:23","slug":"participa-presidenta-honorifica-de-sedif-en-presentacion-de-estrategia-nacional-vida-saludable-vive-feliz","status":"publish","type":"post","link":"https:\/\/sientetupasion.com\/index.php\/2025\/02\/26\/participa-presidenta-honorifica-de-sedif-en-presentacion-de-estrategia-nacional-vida-saludable-vive-feliz\/","title":{"rendered":"Participa Presidenta Honor\u00edfica de SEDIF en presentaci\u00f3n de Estrategia Nacional &#8220;Vida Saludable, Vive Feliz&#8221;"},"content":{"rendered":"<p>\u25aa\ufe0f  El evento estuvo encabezado por la Presidenta de M\u00e9xico, Claudia Sheinbaum Pardo<br \/>\n\u25aa\ufe0f  Transformar las escuelas en espacios de atenci\u00f3n y promoci\u00f3n de la salud para la infancia mexicana, el objetivo<\/p>\n<p>Ciudad de M\u00e9xico, 25 de febrero 2025.- Con el objetivo de transformar las escuelas en espacios de atenci\u00f3n y promoci\u00f3n de la salud para la infancia mexicana, este d\u00eda, ante la Presidenta de M\u00e9xico, Claudia Sheinbaum Pardo, fue presentada la Estrategia Nacional &#8220;Vida Saludable, Vive Feliz&#8221;, con la participaci\u00f3n de los sistemas estatales para el Desarrollo Integral de la Familia (SEDIF).<\/p>\n<p>La Presidenta Honor\u00edfica del SEDIF, Sara Hern\u00e1ndez de Monreal, particip\u00f3 en dicha presentaci\u00f3n, a fin de traer estas acciones a la entidad zacatecana, en beneficio de las familias.<\/p>\n<p>Durante el evento, se inform\u00f3 que, este esfuerzo interinstitucional es uno de los 100 compromisos del Gobierno de M\u00e9xico y es resultado del trabajo conjunto entre la Secretar\u00eda de Salud, IMSS Bienestar, la Secretar\u00eda de Educaci\u00f3n y los Sistemas DIF de cada entidad, con el fin de fortalecer la prevenci\u00f3n y detecci\u00f3n temprana de problemas de salud en ni\u00f1as y ni\u00f1os de educaci\u00f3n primaria.<\/p>\n<p>Como parte de esta estrategia, se desplegar\u00e1n 3 mil 869 enfermeras y enfermeros en todo el pa\u00eds, quienes operar\u00e1n en dos m\u00f3dulos principales: agudeza visual y salud bucal, en alcance de 90 mil 832 escuelas. <\/p>\n<p>Con esta acci\u00f3n, se beneficiar\u00e1 a m\u00e1s de 11 millones de ni\u00f1as y ni\u00f1os, quienes recibir\u00e1n una atenci\u00f3n m\u00e1s integral y oportuna en el desarrollo de la infancia.<\/p>\n<p>Este programa no s\u00f3lo busca atender enfermedades, sino tambi\u00e9n prevenirlas y fomentar h\u00e1bitos saludables en la poblaci\u00f3n infantil; por eso, a partir del pr\u00f3ximo 12 de marzo, dar\u00e1 inicio una intervenci\u00f3n en todas las escuelas primarias p\u00fablicas del pa\u00eds, donde se realizar\u00e1 un censo de peso y talla para detectar desbalances nutricionales, deficiencias visuales y condiciones bucales desfavorables en el estudiantado.<\/p>\n<p>Para garantizar el \u00e9xito de esta acci\u00f3n, se conformar\u00e1n 738 brigadas multidisciplinarias, integradas por 11 especialistas cada una, incluyendo personal de la Secretar\u00eda de Salud Federal y Estatal, enfermeras y enfermeros de IMSS Bienestar, promotoras de los Sistemas Estatales DIF y funcionarios de la Secretar\u00eda de Educaci\u00f3n Estatal y Federal.<\/p>\n<p>El despliegue de esta estrategia en las escuelas se llevar\u00e1 a cabo mediante cuatro estaciones de atenci\u00f3n: Talla y peso, para evaluar el estado nutricional de las y los estudiantes; Valoraci\u00f3n visual, para detectar problemas de agudeza visual y canalizar a las y los ni\u00f1os con dificultades.<\/p>\n<p>Asimismo, Salud bucal, para identificar y tratar problemas odontol\u00f3gicos, desde etapas tempranas, y Pl\u00e1ticas educativas, enfocadas en la promoci\u00f3n de conductas y h\u00e1bitos que generen bienestar y una mejor calidad de vida.<\/p>\n<p>Con la implementaci\u00f3n de &#8220;Vida Saludable, Vive Feliz&#8221;, el Gobierno de M\u00e9xico reafirma su compromiso con la salud infantil, al promover entornos escolares m\u00e1s saludables y equitativos para las ni\u00f1as y ni\u00f1os de todo el pa\u00eds.<\/p>\n<p>\u2014ooOoo\u2014<\/p>\n","protected":false},"excerpt":{"rendered":"<p>\u25aa\ufe0f El evento estuvo encabezado por la Presidenta de M\u00e9xico, Claudia Sheinbaum Pardo \u25aa\ufe0f Transformar las escuelas en espacios de atenci\u00f3n y promoci\u00f3n de la salud<span class=\"excerpt-hellip\"> [\u2026]<\/span><\/p>\n","protected":false},"author":2,"featured_media":6231,"comment_status":"open","ping_status":"open","sticky":false,"template":"","format":"standard","meta":{"footnotes":""},"categories":[16],"tags":[],"class_list":["post-6230","post","type-post","status-publish","format-standard","has-post-thumbnail","hentry","category-zacatecas"],"_links":{"self":[{"href":"https:\/\/sientetupasion.com\/index.php\/wp-json\/wp\/v2\/posts\/6230","targetHints":{"allow":["GET"]}}],"collection":[{"href":"https:\/\/sientetupasion.com\/index.php\/wp-json\/wp\/v2\/posts"}],"about":[{"href":"https:\/\/sientetupasion.com\/index.php\/wp-json\/wp\/v2\/types\/post"}],"author":[{"embeddable":true,"href":"https:\/\/sientetupasion.com\/index.php\/wp-json\/wp\/v2\/users\/2"}],"replies":[{"embeddable":true,"href":"https:\/\/sientetupasion.com\/index.php\/wp-json\/wp\/v2\/comments?post=6230"}],"version-history":[{"count":1,"href":"https:\/\/sientetupasion.com\/index.php\/wp-json\/wp\/v2\/posts\/6230\/revisions"}],"predecessor-version":[{"id":6232,"href":"https:\/\/sientetupasion.com\/index.php\/wp-json\/wp\/v2\/posts\/6230\/revisions\/6232"}],"wp:featuredmedia":[{"embeddable":true,"href":"https:\/\/sientetupasion.com\/index.php\/wp-json\/wp\/v2\/media\/6231"}],"wp:attachment":[{"href":"https:\/\/sientetupasion.com\/index.php\/wp-json\/wp\/v2\/media?parent=6230"}],"wp:term":[{"taxonomy":"category","embeddable":true,"href":"https:\/\/sientetupasion.com\/index.php\/wp-json\/wp\/v2\/categories?post=6230"},{"taxonomy":"post_tag","embeddable":true,"href":"https:\/\/sientetupasion.com\/index.php\/wp-json\/wp\/v2\/tags?post=6230"}],"curies":[{"name":"wp","href":"https:\/\/api.w.org\/{rel}","templated":true}]}}