{"id":6202,"date":"2025-02-26T03:59:54","date_gmt":"2025-02-26T03:59:54","guid":{"rendered":"https:\/\/sientetupasion.com\/?p=6202"},"modified":"2025-02-26T03:59:54","modified_gmt":"2025-02-26T03:59:54","slug":"reclama-noemi-luna-hipocresia-gubernamental-cuando-dice-proteger-al-maiz-nativo-pero-abandona-al-campo-mexicano","status":"publish","type":"post","link":"https:\/\/sientetupasion.com\/index.php\/2025\/02\/26\/reclama-noemi-luna-hipocresia-gubernamental-cuando-dice-proteger-al-maiz-nativo-pero-abandona-al-campo-mexicano\/","title":{"rendered":"*RECLAMA NOEM\u00cd LUNA, HIPOCRES\u00cdA GUBERNAMENTAL CUANDO DICE PROTEGER AL MA\u00cdZ NATIVO; PERO ABANDONA AL CAMPO MEXICANO"},"content":{"rendered":"<p>\u2022\t\u00a1Qu\u00e9 penilla el debate que vienen a dar! \u201cAhora s\u00ed vamos a ir por semilla, ahora s\u00ed vamos a ayudar a las y los campesinos\u201d \u00a1despu\u00e9s de siete a\u00f1os siendo gobierno!<br \/>\n\u2022\tReforma constitucional que proh\u00edbe ma\u00edz transg\u00e9nico en M\u00e9xico carece de una estrategia de agua e infraestructura de riego que apoye frente a la sequ\u00eda<br \/>\n\u2022\tEs hipocres\u00eda si, antes, no generamos alternativas laborales y oportunidades para controlar los movimientos migratorios<\/p>\n<p>En un contundente reclamo hacia el gobierno de Morena y sus aliados, la Diputada Noem\u00ed Luna Ayala, Vicecoordinadora General del Grupo Parlamentario del Partido Acci\u00f3n Nacional present\u00f3 su oposici\u00f3n a cambios constitucionales que proh\u00edben en M\u00e9xico, el cultivo de ma\u00edz transg\u00e9nico cuando no se tienen -despu\u00e9s de siete a\u00f1os de administraci\u00f3n- programas ni alternativas para apoyar a los productores y abastecer la demanda nacional del alimento base de nuestro pa\u00eds. <\/p>\n<p>En el marco de la discusi\u00f3n de la propuesta enviada por la titular del Ejecutivo Claudia Sheinbaum, para modificar los art\u00edculos 4\u00ba y 27 de la Constituci\u00f3n y prohibir en M\u00e9xico la siembra de ma\u00edz alterado con genes ex\u00f3genos a fin de conferirles nuevas propiedades (transg\u00e9nicos); la legisladora zacatecana dej\u00f3 en claro la importancia de reconocer la identidad nacional mediante la producci\u00f3n del ma\u00edz nativo; al igual que el respeto de nuestra soberan\u00eda.<\/p>\n<p>Sin embargo, subray\u00f3, \u201cno podemos construir (como lo han venido haciendo en estos \u00faltimos meses) reformas constitucionales a partir de visiones ideol\u00f3gicas que dejan de lado el an\u00e1lisis t\u00e9cnico y los perjuicios que estas reformas podr\u00edan generar en todos los sectores, espec\u00edficamente \u2013recalc\u00f3- en la producci\u00f3n del ma\u00edz, la alimentaci\u00f3n del futuro y las afectaciones directas a miles de agricultores que dependen de esta actividad\u201d.<\/p>\n<p>En un juego de palabras que aluden el apellido de Juan Pablo Penilla (quien con Sergio Ram\u00edrez lleva la defensa legal de \u201cEl Mayo\u201d Zambada y se asumen como \u201cabogados del crimen organizado\u201d, contratados por diputados de Morena en 2022); Noem\u00ed Luna reclam\u00f3 ante el Pleno: \u201c\u00a1Que penilla esta nueva hipocres\u00eda, porque esta reforma constitucional no va acompa\u00f1ada de un plan, una estrategia de agua e infraestructura de riego que apoye con la sequ\u00eda!\u201d.<\/p>\n<p>\u201cEs una hipocres\u00eda si, antes, no generamos alternativas laborales y oportunidades para controlar los movimientos migratorios; si no se combate la inseguridad que ha obligado a desplazamientos forzosos de tantas y tantos agricultores\u201d, refut\u00f3.<\/p>\n<p>\u201cAhora s\u00ed vamos a ir por semilla\u201d \u00a1despu\u00e9s de siete a\u00f1os gobernando! \u201cAhora s\u00ed vamos a ayudar a las y los campesinos\u201d \u00a1despu\u00e9s de siete a\u00f1os siendo gobierno! \u00a1Qu\u00e9 penilla sus n\u00fameros! porque f\u00edjense ustedes: En el 2018 se ejerc\u00edan m\u00e1s de 1 mil 500 millones de pesos por el Programa de Aseguramiento Alimentario que garantizaba la protecci\u00f3n de m\u00e1s de 2.3 millones de hect\u00e1reas, y una suma asegurada de 41 mil 800 millones de pesos \u00a1qu\u00e9 penilla! porque \u2013hoy- el presupuesto para eso, es \u00a1cero!  <\/p>\n<p>\u201cNo hay autosuficiencia nacional \u00bfde d\u00f3nde se va a cubrir la demanda de m\u00e1s de 17 millones de toneladas de ma\u00edz necesarias para el consumo animal? \u00a1Qu\u00e9 penilla que tengan esa carga doctrinaria e ideol\u00f3gica, y lastimen as\u00ed al sector m\u00e1s desprotegido!\u201d, lament\u00f3.<\/p>\n<p>En concreto -enfatiz\u00f3 la legisladora federal- \u201cla postura del PAN es clara: Necesitamos buscar la coexistencia del problema con la soluci\u00f3n y las alternativas, se necesita es regular la protecci\u00f3n del campo \u00a1no prohibirla! \u00a1Lo que el campo necesita es recurso, apoyo real! y esa oportunidad la han perdido una y otra vez en la discusi\u00f3n de los paquetes presupuestarios.<\/p>\n<p>Y remat\u00f3: Pero \u00a1qu\u00e9 penilla! que \u2013aparte- tengan que negar a sus amigos porque se los olvid\u00f3 que el abogado Sergio Ram\u00edrez (al cual dicen no conocer) fue su asesor para la Ley del \u201cmoche digital\u201d, esa Ley Federal de Derechos de Autor. \u00a1Qu\u00e9 penilla que no protejan al campo, nosotros s\u00ed lo vamos a seguir defendiendo!<\/p>\n<p>*#SoyResistencia*<\/p>\n<p>*oooOooo*<\/p>\n","protected":false},"excerpt":{"rendered":"<p>\u2022 \u00a1Qu\u00e9 penilla el debate que vienen a dar! \u201cAhora s\u00ed vamos a ir por semilla, ahora s\u00ed vamos a ayudar a las y los campesinos\u201d<span class=\"excerpt-hellip\"> [\u2026]<\/span><\/p>\n","protected":false},"author":2,"featured_media":6203,"comment_status":"open","ping_status":"open","sticky":false,"template":"","format":"standard","meta":{"footnotes":""},"categories":[8],"tags":[],"class_list":["post-6202","post","type-post","status-publish","format-standard","has-post-thumbnail","hentry","category-politica"],"_links":{"self":[{"href":"https:\/\/sientetupasion.com\/index.php\/wp-json\/wp\/v2\/posts\/6202","targetHints":{"allow":["GET"]}}],"collection":[{"href":"https:\/\/sientetupasion.com\/index.php\/wp-json\/wp\/v2\/posts"}],"about":[{"href":"https:\/\/sientetupasion.com\/index.php\/wp-json\/wp\/v2\/types\/post"}],"author":[{"embeddable":true,"href":"https:\/\/sientetupasion.com\/index.php\/wp-json\/wp\/v2\/users\/2"}],"replies":[{"embeddable":true,"href":"https:\/\/sientetupasion.com\/index.php\/wp-json\/wp\/v2\/comments?post=6202"}],"version-history":[{"count":1,"href":"https:\/\/sientetupasion.com\/index.php\/wp-json\/wp\/v2\/posts\/6202\/revisions"}],"predecessor-version":[{"id":6204,"href":"https:\/\/sientetupasion.com\/index.php\/wp-json\/wp\/v2\/posts\/6202\/revisions\/6204"}],"wp:featuredmedia":[{"embeddable":true,"href":"https:\/\/sientetupasion.com\/index.php\/wp-json\/wp\/v2\/media\/6203"}],"wp:attachment":[{"href":"https:\/\/sientetupasion.com\/index.php\/wp-json\/wp\/v2\/media?parent=6202"}],"wp:term":[{"taxonomy":"category","embeddable":true,"href":"https:\/\/sientetupasion.com\/index.php\/wp-json\/wp\/v2\/categories?post=6202"},{"taxonomy":"post_tag","embeddable":true,"href":"https:\/\/sientetupasion.com\/index.php\/wp-json\/wp\/v2\/tags?post=6202"}],"curies":[{"name":"wp","href":"https:\/\/api.w.org\/{rel}","templated":true}]}}