{"id":6159,"date":"2025-02-23T16:58:02","date_gmt":"2025-02-23T16:58:02","guid":{"rendered":"https:\/\/sientetupasion.com\/?p=6159"},"modified":"2025-02-23T16:58:02","modified_gmt":"2025-02-23T16:58:02","slug":"juntos-consolidamos-el-programa-mexico-te-abraza","status":"publish","type":"post","link":"https:\/\/sientetupasion.com\/index.php\/2025\/02\/23\/juntos-consolidamos-el-programa-mexico-te-abraza\/","title":{"rendered":"JUNTOS CONSOLIDAMOS EL PROGRAMA \u201cM\u00c9XICO TE ABRAZA\u201c"},"content":{"rendered":"<p>&nbsp;<\/p>\n<p>En la C\u00e1mara de Diputados, junto con la Comisi\u00f3n de Asuntos Migratorios, el diputado federal Ulises Mej\u00eda Haro recibi\u00f3 a directivos de la Canciller\u00eda, del Instituto de Mexicanas y Mexicanos en el Exterior y a representantes de federaciones migrantes para fortalecer el programa M\u00e9xico te abraza, impulsado por la presidenta Claudia Sheinbaum.<\/p>\n<p>Durante la reuni\u00f3n, el Lic. Pedro Matar, director general de la Coordinaci\u00f3n Pol\u00edtica de la Secretar\u00eda de Relaciones Exteriores, present\u00f3 los detalles de la estrategia federal del programa M\u00e9xico te abraza, destacando sus principales l\u00edneas de acci\u00f3n para la protecci\u00f3n y reinserci\u00f3n de connacionales repatriados. A su vez, la Lic. Itzel Astrid Ortega Gonz\u00e1lez, directora de Vinculaci\u00f3n y Cultura del Instituto de Mexicanas y Mexicanos en el Exterior, comparti\u00f3 las iniciativas de fortalecimiento comunitario para la poblaci\u00f3n migrante.<\/p>\n<p>Estrategia del programa \u201cM\u00e9xico te abraza\u201d<\/p>\n<p>El programa M\u00e9xico te abraza se basa en tres pilares fundamentales:<\/p>\n<p>\u2705 Asistencia y protecci\u00f3n consular: A trav\u00e9s de la red consular en Estados Unidos y en coordinaci\u00f3n con agencias de la ONU, se trabaja para garantizar el respeto a los derechos humanos de las y los connacionales en proceso de deportaci\u00f3n. Se ofrece orientaci\u00f3n legal, asesor\u00eda migratoria y acompa\u00f1amiento en tr\u00e1mites para evitar violaciones a sus derechos.<\/p>\n<p>\u2705 Recepci\u00f3n y apoyo en la frontera: Se han habilitado centros de atenci\u00f3n en seis estados fronterizos \u2013Baja California, Sonora, Chihuahua, Coahuila, Nuevo Le\u00f3n y Tamaulipas\u2013 donde los repatriados reciben asistencia inmediata, incluyendo:<br \/>\n\u2022 Transporte seguro a sus comunidades de origen.<br \/>\n\u2022 Alimentaci\u00f3n y hospedaje temporal.<br \/>\n\u2022 Atenci\u00f3n m\u00e9dica y psicol\u00f3gica.<\/p>\n<p>\u2705 Reintegraci\u00f3n social y econ\u00f3mica: Se busca que las personas repatriadas tengan acceso a oportunidades de empleo, salud y bienestar, mediante:<br \/>\n\u2022 Jornadas de servicios sociales en las que participan 18 dependencias federales.<br \/>\n\u2022 Acceso a la seguridad social mediante la incorporaci\u00f3n al Instituto Mexicano del Seguro Social (IMSS).<br \/>\n\u2022 Expedici\u00f3n de documentos de identidad a trav\u00e9s de los registros civiles.<br \/>\n\u2022 Programas de empleo gestionados por el Servicio Nacional de Empleo y la Secretar\u00eda del Trabajo.<br \/>\n\u2022 Capacitaci\u00f3n y certificaci\u00f3n laboral mediante el Consejo Nacional de Normalizaci\u00f3n y Certificaci\u00f3n de Competencias Laborales (CONOCER).<\/p>\n<p>El Instituto Nacional de Migraci\u00f3n (INM) tambi\u00e9n desempe\u00f1a un papel clave en la recepci\u00f3n de los repatriados, expidiendo cartas de repatriaci\u00f3n y facilitando su acceso a los diferentes programas gubernamentales.<\/p>\n<p>Trabajo conjunto para fortalecer la estrategia<\/p>\n<p>En este contexto, Ulises Mej\u00eda Haro invit\u00f3 a las instituciones presentes a consolidar este esfuerzo en conjunto desde el Congreso, asegurando que desde la labor legislativa y con el respaldo de las federaciones de mexicanas y mexicanos en el exterior, se refuercen las acciones en favor de la comunidad migrante.<\/p>\n<p>\u201cEl reto es grande, pero trabajando en coordinaci\u00f3n podemos garantizar mejores condiciones para quienes regresan a nuestro pa\u00eds. Seguiremos legislando y sumando esfuerzos con las instituciones para hacer de M\u00e9xico te abraza un programa a\u00fan m\u00e1s s\u00f3lido\u201d, expres\u00f3 el diputado federal.<\/p>\n<p>Durante el encuentro, Ulises Mej\u00eda Haro reconoci\u00f3 la labor y el esfuerzo de las y los mexicanos radicados en el exterior, quienes con su trabajo, su compromiso y su amor por M\u00e9xico han contribuido de manera significativa al desarrollo econ\u00f3mico y social de M\u00e9xico y Estados Unidos. Destac\u00f3 que su papel es fundamental no solo por las remesas que env\u00edan a sus familias, sino por la riqueza cultural y la fortaleza comunitaria que mantienen vivas las ra\u00edces mexicanas en el mundo. \u201cCada connacional en el extranjero es un embajador de nuestra identidad y valores; su esfuerzo merece ser reconocido y respaldado con pol\u00edticas que garanticen sus derechos y bienestar\u201d, afirm\u00f3.<\/p>\n<p>Finalmente, Mej\u00eda Haro reiter\u00f3 su compromiso de seguir impulsando iniciativas que beneficien a la comunidad migrante, asegurando su integraci\u00f3n y acceso a oportunidades en M\u00e9xico.<\/p>\n","protected":false},"excerpt":{"rendered":"<p>&nbsp; En la C\u00e1mara de Diputados, junto con la Comisi\u00f3n de Asuntos Migratorios, el diputado federal Ulises Mej\u00eda Haro recibi\u00f3 a directivos de la Canciller\u00eda, del<span class=\"excerpt-hellip\"> [\u2026]<\/span><\/p>\n","protected":false},"author":2,"featured_media":6160,"comment_status":"open","ping_status":"open","sticky":false,"template":"","format":"standard","meta":{"footnotes":""},"categories":[8],"tags":[],"class_list":["post-6159","post","type-post","status-publish","format-standard","has-post-thumbnail","hentry","category-politica"],"_links":{"self":[{"href":"https:\/\/sientetupasion.com\/index.php\/wp-json\/wp\/v2\/posts\/6159","targetHints":{"allow":["GET"]}}],"collection":[{"href":"https:\/\/sientetupasion.com\/index.php\/wp-json\/wp\/v2\/posts"}],"about":[{"href":"https:\/\/sientetupasion.com\/index.php\/wp-json\/wp\/v2\/types\/post"}],"author":[{"embeddable":true,"href":"https:\/\/sientetupasion.com\/index.php\/wp-json\/wp\/v2\/users\/2"}],"replies":[{"embeddable":true,"href":"https:\/\/sientetupasion.com\/index.php\/wp-json\/wp\/v2\/comments?post=6159"}],"version-history":[{"count":1,"href":"https:\/\/sientetupasion.com\/index.php\/wp-json\/wp\/v2\/posts\/6159\/revisions"}],"predecessor-version":[{"id":6161,"href":"https:\/\/sientetupasion.com\/index.php\/wp-json\/wp\/v2\/posts\/6159\/revisions\/6161"}],"wp:featuredmedia":[{"embeddable":true,"href":"https:\/\/sientetupasion.com\/index.php\/wp-json\/wp\/v2\/media\/6160"}],"wp:attachment":[{"href":"https:\/\/sientetupasion.com\/index.php\/wp-json\/wp\/v2\/media?parent=6159"}],"wp:term":[{"taxonomy":"category","embeddable":true,"href":"https:\/\/sientetupasion.com\/index.php\/wp-json\/wp\/v2\/categories?post=6159"},{"taxonomy":"post_tag","embeddable":true,"href":"https:\/\/sientetupasion.com\/index.php\/wp-json\/wp\/v2\/tags?post=6159"}],"curies":[{"name":"wp","href":"https:\/\/api.w.org\/{rel}","templated":true}]}}