{"id":6062,"date":"2025-02-20T01:59:39","date_gmt":"2025-02-20T01:59:39","guid":{"rendered":"https:\/\/sientetupasion.com\/?p=6062"},"modified":"2025-02-20T01:59:39","modified_gmt":"2025-02-20T01:59:39","slug":"con-festival-medieval-en-el-parque-y-zoologico-la-encantada-celebrara-gobierno-de-zacatecas-dia-de-la-familia","status":"publish","type":"post","link":"https:\/\/sientetupasion.com\/index.php\/2025\/02\/20\/con-festival-medieval-en-el-parque-y-zoologico-la-encantada-celebrara-gobierno-de-zacatecas-dia-de-la-familia\/","title":{"rendered":"Con Festival Medieval en el Parque y Zool\u00f3gico La Encantada, celebrar\u00e1 Gobierno de Zacatecas D\u00eda de la Familia"},"content":{"rendered":"<p>\u25aa\ufe0fEncabeza Presidenta Honor\u00edfica de SEDIF, Sara Hern\u00e1ndez de Monreal, reuni\u00f3n para ultimar detalles finales del evento<br \/>\n\u25aa\ufe0fSe celebrar\u00e1 el pr\u00f3ximo 2 de marzo, en el Parque y Zool\u00f3gico La Encantada, de 10:00 a 18:00 horas<br \/>\n\u25aa\ufe0fEl Festival Medieva tiene como objetivo ofrecer a las familias zacatecanas y visitantes una experiencia \u00fanica e innovadora<\/p>\n<p>Zacatecas, Zac., 19 de febrero 2025.- El Gobierno de Zacatecas, encabezado por el mandatario estatal David Monreal \u00c1vila, celebrar\u00e1 el D\u00eda de la Familia, el pr\u00f3ximo 2 de marzo, con un Festival Medieval, a realizarse en el Parque y Zool\u00f3gico La Encantada.<\/p>\n<p>Este evento, dirigido a todas y todos los zacatecanos, se llevar\u00e1 a cabo de 10:00 a 18:00 horas, en un espacio de sano esparcimiento y diversi\u00f3n para disfrutar en familia.<\/p>\n<p>En reuni\u00f3n de trabajo, encabezada por la Presidenta Honor\u00edfica del Sistema Estatal para el Desarrollo Integral de la Familia (SEDIF), Sara Hern\u00e1ndez de Monreal, se ultimaron los detalles finales del evento, que este a\u00f1o llevar\u00e1 el nombre de &#8220;Festival Medieval D\u00eda de la Familia&#8221;, encuentro en el que participaron representantes de diversas dependencias del Gobierno de Zacatecas, quienes colaboran en la organizaci\u00f3n del evento.<\/p>\n<p>El Festival Medieval tiene como objetivo ofrecer a las familias zacatecanas y visitantes una experiencia \u00fanica e innovadora, con actividades enfocadas en la sana convivencia y el disfrute en familia; se trata de un evento tem\u00e1tico inspirado en la Edad Media, \u00e9poca llena de cuentos, historias de caballeros, princesas, castillos y magia, elementos que despiertan la imaginaci\u00f3n y creatividad de los m\u00e1s peque\u00f1os y adultos.<\/p>\n<p>Sara Hern\u00e1ndez de Monreal destac\u00f3 que la Edad Media ha sido fuente de inspiraci\u00f3n para innumerables cuentos, series, pel\u00edculas y leyendas que invitan a so\u00f1ar y a vivir en un mundo fant\u00e1stico. Enfatiz\u00f3 la importancia de crear un evento que permita a las familias vivir una experiencia inmersa en este universo medieval.<\/p>\n<p>El &#8220;Festival Medieval D\u00eda de la Familia&#8221; contar\u00e1 con una variada oferta de actividades, que incluir\u00e1 presentaciones art\u00edsticas, culturales, talleres interactivos, m\u00fasica en vivo, zona de comida, stands, sets fotogr\u00e1ficos para capturar recuerdos y puntos de informaci\u00f3n para guiar a los asistentes durante el evento.<\/p>\n<p>\u2014ooOoo\u2014<\/p>\n","protected":false},"excerpt":{"rendered":"<p>\u25aa\ufe0fEncabeza Presidenta Honor\u00edfica de SEDIF, Sara Hern\u00e1ndez de Monreal, reuni\u00f3n para ultimar detalles finales del evento \u25aa\ufe0fSe celebrar\u00e1 el pr\u00f3ximo 2 de marzo, en el Parque<span class=\"excerpt-hellip\"> [\u2026]<\/span><\/p>\n","protected":false},"author":2,"featured_media":6063,"comment_status":"open","ping_status":"open","sticky":false,"template":"","format":"standard","meta":{"footnotes":""},"categories":[16],"tags":[],"class_list":["post-6062","post","type-post","status-publish","format-standard","has-post-thumbnail","hentry","category-zacatecas"],"_links":{"self":[{"href":"https:\/\/sientetupasion.com\/index.php\/wp-json\/wp\/v2\/posts\/6062","targetHints":{"allow":["GET"]}}],"collection":[{"href":"https:\/\/sientetupasion.com\/index.php\/wp-json\/wp\/v2\/posts"}],"about":[{"href":"https:\/\/sientetupasion.com\/index.php\/wp-json\/wp\/v2\/types\/post"}],"author":[{"embeddable":true,"href":"https:\/\/sientetupasion.com\/index.php\/wp-json\/wp\/v2\/users\/2"}],"replies":[{"embeddable":true,"href":"https:\/\/sientetupasion.com\/index.php\/wp-json\/wp\/v2\/comments?post=6062"}],"version-history":[{"count":1,"href":"https:\/\/sientetupasion.com\/index.php\/wp-json\/wp\/v2\/posts\/6062\/revisions"}],"predecessor-version":[{"id":6064,"href":"https:\/\/sientetupasion.com\/index.php\/wp-json\/wp\/v2\/posts\/6062\/revisions\/6064"}],"wp:featuredmedia":[{"embeddable":true,"href":"https:\/\/sientetupasion.com\/index.php\/wp-json\/wp\/v2\/media\/6063"}],"wp:attachment":[{"href":"https:\/\/sientetupasion.com\/index.php\/wp-json\/wp\/v2\/media?parent=6062"}],"wp:term":[{"taxonomy":"category","embeddable":true,"href":"https:\/\/sientetupasion.com\/index.php\/wp-json\/wp\/v2\/categories?post=6062"},{"taxonomy":"post_tag","embeddable":true,"href":"https:\/\/sientetupasion.com\/index.php\/wp-json\/wp\/v2\/tags?post=6062"}],"curies":[{"name":"wp","href":"https:\/\/api.w.org\/{rel}","templated":true}]}}