{"id":5974,"date":"2025-02-19T02:27:30","date_gmt":"2025-02-19T02:27:30","guid":{"rendered":"https:\/\/sientetupasion.com\/?p=5974"},"modified":"2025-02-19T02:27:30","modified_gmt":"2025-02-19T02:27:30","slug":"conmemora-secretaria-de-salud-dia-internacional-del-sindrome-de-asperger","status":"publish","type":"post","link":"https:\/\/sientetupasion.com\/index.php\/2025\/02\/19\/conmemora-secretaria-de-salud-dia-internacional-del-sindrome-de-asperger\/","title":{"rendered":"Conmemora Secretar\u00eda de Salud D\u00eda Internacional del S\u00edndrome de Asperger"},"content":{"rendered":"<p>\u25aa\ufe0fForma parte de los Trastornos del Espectro Autista y se caracteriza por la dificultad para establecer v\u00ednculos y relaciones sociales con otras personas<br \/>\n\u25aa\ufe0fSus primeras manifestaciones se pueden observar al inicio de la edad escolar<br \/>\n\u25aa\ufe0fFue llamado as\u00ed en honor a su descubridor, Hans Asperger, un m\u00e9dico austriaco que lo describi\u00f3 en 1944<\/p>\n<p>Zacatecas, Zac., 18 de febrero de 2025.- Al ser la salud uno de los pilares para garantizar el bienestar de la ciudadan\u00eda, el Gobierno de Zacatecas, encabezado por el mandatario estatal David Monreal \u00c1vila, difunde informaci\u00f3n que ayude a la sociedad a conocer los padecimientos f\u00edsicos y mentales que se presentan en la poblaci\u00f3n, tal como el S\u00edndrome de Asperger, que forma parte de los Trastornos del Espectro Autista (TEA) y cada 18 de febrero se dedica como d\u00eda internacional para fomentar su concientizaci\u00f3n.<\/p>\n<p>Carlos Alberto Garc\u00eda Ch\u00e1vez, jefe del departamento de Salud Mental y Adicciones de la Secretar\u00eda de Salud (SSZ), declar\u00f3 que el S\u00edndrome de Asperger se caracteriza porque los pacientes tienen problemas con destrezas sociales, emocionales y de comunicaci\u00f3n, aunque no presentan retrasos del lenguaje.<\/p>\n<p>La Organizaci\u00f3n Mundial de la Salud (OMS) estima que, aproximadamente uno de cada 160 ni\u00f1os a nivel mundial tiene un TEA. En nuestro pa\u00eds, la cifra se ubica en uno de cada 115 ni\u00f1os, de acuerdo con datos de la Asociaci\u00f3n de Asperger en M\u00e9xico.<\/p>\n<p>Este trastorno es diagnosticado, principalmente, cuando las y los menores se encuentran en etapa escolar. Es m\u00e1s frecuente en los ni\u00f1os que en las ni\u00f1as, ya que seg\u00fan las estad\u00edsticas de cada seis casos diagnosticados, cinco son en varones. <\/p>\n<p>El profesional en psicolog\u00eda se\u00f1al\u00f3 que, por lo general, las y los menores se relacionan mejor con los adultos que con sus pares, por lo que se le dificulta establecer v\u00ednculos amistosos con otros infantes; adem\u00e1s, se presentan normalmente retrasos en el desarrollo de la motricidad y muestran preocupaciones bastante peculiares. En su vida adulta, estos pacientes tienen dificultad para demostrar empat\u00eda hacia los dem\u00e1s y no les resulta nada f\u00e1cil las interacciones sociales.<\/p>\n<p>El tratamiento para este trastorno difiere de un paciente a otro, ya que se elabora un esquema personalizado, acorde con los s\u00edntomas de cada persona, dependiendo de los s\u00edntomas que manifiesten. <\/p>\n<p>Algunos aspectos del tratamiento pueden incluir: Intervenciones educativas especializadas, entrenamiento en habilidades sociales, terapia del lenguaje, entrenamiento en integraci\u00f3n sensorial u ocupacional, dependiendo de la edad del paciente, as\u00ed como la terapia de tipo cognitivo \u2013 conductual. En algunos casos espec\u00edficos pudiera recurrirse a la medicaci\u00f3n.<\/p>\n<p>Garc\u00eda Ch\u00e1vez hizo una invitaci\u00f3n a padres y madres de familia para que, al observar cualquiera de los signos que pudieran manifestar la presencia de este trastorno, se acerquen a su centro de salud m\u00e1s cercano, pues, mientras m\u00e1s pronto se reciba la atenci\u00f3n especializada, mejor ser\u00e1 el tratamiento y, por ende, la calidad de vida del paciente.<\/p>\n<p>Este s\u00edndrome lleva el apellido de Hans Asperger, m\u00e9dico austriaco que logr\u00f3 describirlo en 1944, a trav\u00e9s de la publicaci\u00f3n de un art\u00edculo especializado en salud mental.<\/p>\n<p>\u2014ooOoo\u2014<\/p>\n","protected":false},"excerpt":{"rendered":"<p>\u25aa\ufe0fForma parte de los Trastornos del Espectro Autista y se caracteriza por la dificultad para establecer v\u00ednculos y relaciones sociales con otras personas \u25aa\ufe0fSus primeras manifestaciones<span class=\"excerpt-hellip\"> [\u2026]<\/span><\/p>\n","protected":false},"author":2,"featured_media":5975,"comment_status":"open","ping_status":"open","sticky":false,"template":"","format":"standard","meta":{"footnotes":""},"categories":[16],"tags":[],"class_list":["post-5974","post","type-post","status-publish","format-standard","has-post-thumbnail","hentry","category-zacatecas"],"_links":{"self":[{"href":"https:\/\/sientetupasion.com\/index.php\/wp-json\/wp\/v2\/posts\/5974","targetHints":{"allow":["GET"]}}],"collection":[{"href":"https:\/\/sientetupasion.com\/index.php\/wp-json\/wp\/v2\/posts"}],"about":[{"href":"https:\/\/sientetupasion.com\/index.php\/wp-json\/wp\/v2\/types\/post"}],"author":[{"embeddable":true,"href":"https:\/\/sientetupasion.com\/index.php\/wp-json\/wp\/v2\/users\/2"}],"replies":[{"embeddable":true,"href":"https:\/\/sientetupasion.com\/index.php\/wp-json\/wp\/v2\/comments?post=5974"}],"version-history":[{"count":1,"href":"https:\/\/sientetupasion.com\/index.php\/wp-json\/wp\/v2\/posts\/5974\/revisions"}],"predecessor-version":[{"id":5976,"href":"https:\/\/sientetupasion.com\/index.php\/wp-json\/wp\/v2\/posts\/5974\/revisions\/5976"}],"wp:featuredmedia":[{"embeddable":true,"href":"https:\/\/sientetupasion.com\/index.php\/wp-json\/wp\/v2\/media\/5975"}],"wp:attachment":[{"href":"https:\/\/sientetupasion.com\/index.php\/wp-json\/wp\/v2\/media?parent=5974"}],"wp:term":[{"taxonomy":"category","embeddable":true,"href":"https:\/\/sientetupasion.com\/index.php\/wp-json\/wp\/v2\/categories?post=5974"},{"taxonomy":"post_tag","embeddable":true,"href":"https:\/\/sientetupasion.com\/index.php\/wp-json\/wp\/v2\/tags?post=5974"}],"curies":[{"name":"wp","href":"https:\/\/api.w.org\/{rel}","templated":true}]}}